{"id":29995,"date":"2024-07-13T21:02:29","date_gmt":"2024-07-13T21:02:29","guid":{"rendered":"https:\/\/store.wattsc.com\/?p=29995"},"modified":"2024-08-02T11:56:29","modified_gmt":"2024-08-02T11:56:29","slug":"gestion-dynamique-de-la-charge-wattsc","status":"publish","type":"post","link":"https:\/\/store.wattsc.com\/?p=29995","title":{"rendered":"Gestion Dynamique de la Charge &#8211; WATTSC"},"content":{"rendered":"<p>&nbsp;<\/p>\n<article id=\"post-18945\" class=\"post-18945 page type-page status-publish has-post-thumbnail hentry\">\n<div class=\"entry-content page-full-width-wrap\">\n<div class=\"wp-block-group alignwide reveal_stagger is-style-text-hero-nds has-light-gradient-gradient-background has-background\">\n<div class=\"wp-block-group__inner-container is-layout-flow wp-block-group-is-layout-flow\">\n<h1 class=\"wp-block-heading has-text-align-center reveal_stagger\">\u00c9vitez les mises \u00e0 niveau on\u00e9reuses et optimisez le retour sur investissement<br \/>\navec la <mark class=\"has-inline-color has-bluenew-color\" style=\"background-color: rgba(0, 0, 0, 0);\">Gection Dynamique de la Charge<\/mark><\/h1>\n<p class=\"has-text-align-center reveal_stagger has-m-font-size\">La plateforme de recharge de v\u00e9hicules \u00e9lectriques de WATTSC permet un contr\u00f4le dynamique et automatis\u00e9<br \/>\nde la distribution d\u2019\u00e9nergie et de puissance vers vos bornes de recharge de v\u00e9hicules \u00e9lectriques.<\/p>\n<div class=\"wp-block-buttons is-style-top-spacing is-style-desktop-only is-content-justification-center is-layout-flex wp-container-core-buttons-is-layout-1 wp-block-buttons-is-layout-flex\">\n<div class=\"wp-block-button reveal_stagger is-style-short-underline-nds-centered\"><a class=\"wp-block-button__link wp-element-button\" href=\"#ensavoirplus\">En Savoir Plus<\/a><\/div>\n<\/div>\n<div class=\"wp-block-image is-style-desktop-only\">\n<figure class=\"aligncenter size-full\"><img decoding=\"async\" id=\"NTYxOjMwMA==-1\" class=\"wp-image-28638 aligncenter\" title=\"illustration de la gestion dynamique de la charge\" src=\"https:\/\/cdn-ikplpbh.nitrocdn.com\/xFcRTSYjBeGkdHkVakxokAsibqIDShRl\/assets\/images\/optimized\/rev-0e28879\/www.ampeco.com\/content\/uploads\/2023\/12\/dynamic-load-management-illustration-desk-fre.png\" alt=\"illustration de la gestion dynamique de la charge\" \/><\/figure>\n<\/div>\n<div class=\"wp-block-image is-style-mobile-only\">\n<figure class=\"aligncenter size-large\"><img decoding=\"async\" id=\"NTY0OjI5OQ==-1\" class=\"wp-image-28642 nitro-lazy aligncenter\" title=\"illustration de la gestion dynamique de la charge\" src=\"https:\/\/cdn-ikplpbh.nitrocdn.com\/xFcRTSYjBeGkdHkVakxokAsibqIDShRl\/assets\/images\/optimized\/rev-0e28879\/www.ampeco.com\/content\/uploads\/2023\/12\/dynamic-load-management-mobile-fre-955x1024.png\" alt=\"illustration de la gestion dynamique de la charge\" \/><\/figure>\n<\/div>\n<div class=\"wp-block-buttons is-style-top-spacing is-style-mobile-only is-content-justification-center is-layout-flex wp-container-core-buttons-is-layout-2 wp-block-buttons-is-layout-flex\">\n<div class=\"wp-block-button reveal_stagger is-style-short-underline-nds-centered\"><a class=\"wp-block-button__link wp-element-button nitro-lazy\" href=\"#ensavoirplus\">En Savoir Plus<\/a><\/div>\n<\/div>\n<\/div>\n<\/div>\n<div id=\"learnmore\" class=\"wp-block-group reveal is-style-section-nds-1100\">\n<div class=\"wp-block-group__inner-container is-layout-flow wp-block-group-is-layout-flow\">\n<div class=\"wp-block-media-text alignwide is-stacked-on-mobile\">\n<figure class=\"wp-block-media-text__media\"><img decoding=\"async\" id=\"NTczOjQyMQ==-1\" class=\"wp-image-12476 size-full aligncenter\" title=\"Limitation de la recharge avec la Gestion Dynamique de la Charge\" src=\"https:\/\/cdn-ikplpbh.nitrocdn.com\/xFcRTSYjBeGkdHkVakxokAsibqIDShRl\/assets\/images\/optimized\/rev-0e28879\/www.ampeco.com\/content\/uploads\/2023\/07\/dynamic-load-management-charging-limit-french-1-1024x1024.png\" alt=\"Limitation de la recharge avec la Gestion Dynamique de la Charge\" \/><\/figure>\n<div class=\"wp-block-media-text__content\">\n<h4 id=\"payment\" class=\"wp-block-heading is-style-blue-label\">Limitation de l\u2019\u00e9nergie<\/h4>\n<h2 class=\"wp-block-heading\">Regroupez plusieurs points de charge dans un circuit et fixez une limitation de l\u2019\u00e9nergie<\/h2>\n<p class=\"has-m-font-size\">Limitez la quantit\u00e9 totale d\u2019\u00e9lectricit\u00e9 utilis\u00e9e par un groupe de stations de recharge afin d\u2019\u00e9viter des mises \u00e0 niveau on\u00e9reuses de la capacit\u00e9 \u00e9lectrique, m\u00eame lorsque de nombreux v\u00e9hicules sont en train de se recharger en m\u00eame temps.<\/p>\n<\/div>\n<\/div>\n<\/div>\n<\/div>\n<div class=\"wp-block-group reveal is-style-section-nds\">\n<div class=\"wp-block-group__inner-container is-layout-flow wp-block-group-is-layout-flow\">\n<div class=\"wp-block-media-text alignwide has-media-on-the-right is-stacked-on-mobile\">\n<div class=\"wp-block-media-text__content\">\n<h4 id=\"hardwareagnostic\" class=\"wp-block-heading is-style-blue-label\">Priorisation intelligente<\/h4>\n<h2 class=\"wp-block-heading\">R\u00e9partissez efficacement la puissance de charge entre vos chargeurs<\/h2>\n<p class=\"has-m-font-size\">Faites en sorte que tous les v\u00e9hicules soient recharg\u00e9s efficacement dans la limite de la puissance maximale disponible et en fonction de leur capacit\u00e9 de charge. D\u00e9finissez une recharge prioritaire pour certains groupes d\u2019utilisateurs en fonction de leur abonnement ou de leurs plans tarifaires.<\/p>\n<\/div>\n<figure class=\"wp-block-media-text__media\"><img decoding=\"async\" id=\"NTk3OjMyMw==-1\" class=\"wp-image-20091 size-full nitro-lazy aligncenter\" title=\"Gestion dynamique de la charge Distribution\" src=\"https:\/\/cdn-ikplpbh.nitrocdn.com\/xFcRTSYjBeGkdHkVakxokAsibqIDShRl\/assets\/images\/optimized\/rev-0e28879\/www.ampeco.com\/content\/uploads\/2023\/07\/dynamic-load-management-dlm-distribution-french-1-1024x1024.png\" alt=\"Gestion dynamique de la charge Distribution\" \/><\/figure>\n<\/div>\n<\/div>\n<\/div>\n<div id=\"logoslider-block_23fd8d104805eefab015c1fa89593c67\" class=\"block-logoslider\">\n<div class=\"main-container\">\n<div class=\"guten_content\">\n<h2 id=\"working-with-world-class-partners\" class=\"wp-block-heading has-text-align-center reveal_stagger\"><strong>La solution de GDC de WATTSC fonctionne avec les stations de recharge compatibles avec l\u2019OCPP<\/strong><\/h2>\n<p class=\"has-text-align-center reveal_stagger\">Notre solution technologiquement agnostique de GDC convient pour toutes les stations de recharge offrant une fonction de recharge intelligente jusqu\u2019\u00e0 la version 2.0.1 de l\u2019OCPP.<\/p>\n<\/div>\n<\/div>\n<div class=\"logos_sliders_wrap reveal_stagger\">\n<div class=\"logos_line_wrap marquee-wrapper\">\n<ul class=\"partner_logos_list marquee\">\n<li class=\"list__item\"><img decoding=\"async\" id=\"NjE4OjM2Ng==-1\" class=\"attachment-full size-full nitro-lazy\" title=\"\" src=\"https:\/\/cdn-ikplpbh.nitrocdn.com\/xFcRTSYjBeGkdHkVakxokAsibqIDShRl\/assets\/images\/optimized\/rev-0e28879\/www.ampeco.com\/content\/uploads\/2022\/02\/Garo-logo.png\" alt=\"Gestion Dynamique de la Charge - La Gestion Dynamique de la Charge d'AMPECO rajoute une dimension de gestion de la r\u00e9partition de la puissance \u00e9lectrique.\" width=\"280\" height=\"116\" \/><\/li>\n<li class=\"list__item\"><img decoding=\"async\" id=\"NjE5OjM3NQ==-1\" class=\"attachment-full size-full nitro-lazy\" title=\"\" src=\"https:\/\/cdn-ikplpbh.nitrocdn.com\/xFcRTSYjBeGkdHkVakxokAsibqIDShRl\/assets\/images\/optimized\/rev-0e28879\/www.ampeco.com\/content\/uploads\/2022\/02\/hypecharge-logo.png\" alt=\"Gestion Dynamique de la Charge - La Gestion Dynamique de la Charge d'AMPECO rajoute une dimension de gestion de la r\u00e9partition de la puissance \u00e9lectrique.\" width=\"280\" height=\"116\" \/><\/li>\n<li class=\"list__item\"><img decoding=\"async\" id=\"NjIwOjM3Mg==-1\" class=\"attachment-full size-full nitro-lazy\" title=\"\" src=\"https:\/\/cdn-ikplpbh.nitrocdn.com\/xFcRTSYjBeGkdHkVakxokAsibqIDShRl\/assets\/images\/optimized\/rev-0e28879\/www.ampeco.com\/content\/uploads\/2022\/02\/Legrand-logo.png\" alt=\"Gestion Dynamique de la Charge - La Gestion Dynamique de la Charge d'AMPECO rajoute une dimension de gestion de la r\u00e9partition de la puissance \u00e9lectrique.\" width=\"280\" height=\"116\" \/><\/li>\n<li class=\"list__item\"><img loading=\"lazy\" decoding=\"async\" id=\"NjIxOjM3Mw==-1\" class=\"attachment-full size-full nitro-lazy\" title=\"\" src=\"https:\/\/cdn-ikplpbh.nitrocdn.com\/xFcRTSYjBeGkdHkVakxokAsibqIDShRl\/assets\/images\/optimized\/rev-0e28879\/www.ampeco.com\/content\/uploads\/2022\/02\/Schneder-logo.png\" alt=\"Gestion Dynamique de la Charge - La Gestion Dynamique de la Charge d'AMPECO rajoute une dimension de gestion de la r\u00e9partition de la puissance \u00e9lectrique.\" width=\"280\" height=\"116\" \/><\/li>\n<li class=\"list__item\"><img loading=\"lazy\" decoding=\"async\" id=\"NjIyOjM3Mg==-1\" class=\"attachment-full size-full nitro-lazy\" title=\"\" src=\"https:\/\/cdn-ikplpbh.nitrocdn.com\/xFcRTSYjBeGkdHkVakxokAsibqIDShRl\/assets\/images\/optimized\/rev-0e28879\/www.ampeco.com\/content\/uploads\/2022\/02\/Tritium-logo.png\" alt=\"Gestion Dynamique de la Charge - La Gestion Dynamique de la Charge d'AMPECO rajoute une dimension de gestion de la r\u00e9partition de la puissance \u00e9lectrique.\" width=\"280\" height=\"116\" \/><\/li>\n<li class=\"list__item\"><img loading=\"lazy\" decoding=\"async\" id=\"NjIzOjM2Nw==-1\" class=\"attachment-full size-full nitro-lazy\" title=\"\" src=\"https:\/\/cdn-ikplpbh.nitrocdn.com\/xFcRTSYjBeGkdHkVakxokAsibqIDShRl\/assets\/images\/optimized\/rev-0e28879\/www.ampeco.com\/content\/uploads\/2022\/02\/wallbox.png\" alt=\"Gestion Dynamique de la Charge - La Gestion Dynamique de la Charge d'AMPECO rajoute une dimension de gestion de la r\u00e9partition de la puissance \u00e9lectrique.\" width=\"280\" height=\"116\" \/><\/li>\n<li class=\"list__item\"><img loading=\"lazy\" decoding=\"async\" id=\"NjI0OjM3Mg==-1\" class=\"attachment-full size-full nitro-lazy\" title=\"\" src=\"https:\/\/cdn-ikplpbh.nitrocdn.com\/xFcRTSYjBeGkdHkVakxokAsibqIDShRl\/assets\/images\/optimized\/rev-0e28879\/www.ampeco.com\/content\/uploads\/2022\/03\/compleo-logo.png\" alt=\"Gestion Dynamique de la Charge - La Gestion Dynamique de la Charge d'AMPECO rajoute une dimension de gestion de la r\u00e9partition de la puissance \u00e9lectrique.\" width=\"280\" height=\"116\" \/><\/li>\n<li class=\"list__item\"><img loading=\"lazy\" decoding=\"async\" id=\"NjI1OjM3Nw==-1\" class=\"attachment-full size-full nitro-lazy\" title=\"\" src=\"https:\/\/cdn-ikplpbh.nitrocdn.com\/xFcRTSYjBeGkdHkVakxokAsibqIDShRl\/assets\/images\/optimized\/rev-0e28879\/www.ampeco.com\/content\/uploads\/2022\/03\/ekoenergtyka-logo.png\" alt=\"Gestion Dynamique de la Charge - La Gestion Dynamique de la Charge d'AMPECO rajoute une dimension de gestion de la r\u00e9partition de la puissance \u00e9lectrique.\" width=\"280\" height=\"116\" \/><\/li>\n<li class=\"list__item\"><img loading=\"lazy\" decoding=\"async\" id=\"NjI2OjM3NQ==-1\" class=\"attachment-full size-full nitro-lazy\" title=\"\" src=\"https:\/\/cdn-ikplpbh.nitrocdn.com\/xFcRTSYjBeGkdHkVakxokAsibqIDShRl\/assets\/images\/optimized\/rev-0e28879\/www.ampeco.com\/content\/uploads\/2022\/03\/circontrol-logo.png\" alt=\"Gestion Dynamique de la Charge - La Gestion Dynamique de la Charge d'AMPECO rajoute une dimension de gestion de la r\u00e9partition de la puissance \u00e9lectrique.\" width=\"280\" height=\"116\" \/><\/li>\n<\/ul>\n<ul class=\"partner_logos_list marquee\">\n<li class=\"list__item\"><img loading=\"lazy\" decoding=\"async\" id=\"NjI5OjM2Ng==-1\" class=\"attachment-full size-full nitro-lazy\" title=\"\" src=\"https:\/\/cdn-ikplpbh.nitrocdn.com\/xFcRTSYjBeGkdHkVakxokAsibqIDShRl\/assets\/images\/optimized\/rev-0e28879\/www.ampeco.com\/content\/uploads\/2022\/02\/Garo-logo.png\" alt=\"Gestion Dynamique de la Charge - La Gestion Dynamique de la Charge d'AMPECO rajoute une dimension de gestion de la r\u00e9partition de la puissance \u00e9lectrique.\" width=\"280\" height=\"116\" \/><\/li>\n<li class=\"list__item\"><img loading=\"lazy\" decoding=\"async\" id=\"NjMwOjM3NQ==-1\" class=\"attachment-full size-full nitro-lazy\" title=\"\" src=\"https:\/\/cdn-ikplpbh.nitrocdn.com\/xFcRTSYjBeGkdHkVakxokAsibqIDShRl\/assets\/images\/optimized\/rev-0e28879\/www.ampeco.com\/content\/uploads\/2022\/02\/hypecharge-logo.png\" alt=\"Gestion Dynamique de la Charge - La Gestion Dynamique de la Charge d'AMPECO rajoute une dimension de gestion de la r\u00e9partition de la puissance \u00e9lectrique.\" width=\"280\" height=\"116\" \/><\/li>\n<li class=\"list__item\"><img loading=\"lazy\" decoding=\"async\" id=\"NjMxOjM3Mg==-1\" class=\"attachment-full size-full nitro-lazy\" title=\"\" src=\"https:\/\/cdn-ikplpbh.nitrocdn.com\/xFcRTSYjBeGkdHkVakxokAsibqIDShRl\/assets\/images\/optimized\/rev-0e28879\/www.ampeco.com\/content\/uploads\/2022\/02\/Legrand-logo.png\" alt=\"Gestion Dynamique de la Charge - La Gestion Dynamique de la Charge d'AMPECO rajoute une dimension de gestion de la r\u00e9partition de la puissance \u00e9lectrique.\" width=\"280\" height=\"116\" \/><\/li>\n<li class=\"list__item\"><img loading=\"lazy\" decoding=\"async\" id=\"NjMyOjM3Mw==-1\" class=\"attachment-full size-full nitro-lazy\" title=\"\" src=\"https:\/\/cdn-ikplpbh.nitrocdn.com\/xFcRTSYjBeGkdHkVakxokAsibqIDShRl\/assets\/images\/optimized\/rev-0e28879\/www.ampeco.com\/content\/uploads\/2022\/02\/Schneder-logo.png\" alt=\"Gestion Dynamique de la Charge - La Gestion Dynamique de la Charge d'AMPECO rajoute une dimension de gestion de la r\u00e9partition de la puissance \u00e9lectrique.\" width=\"280\" height=\"116\" \/><\/li>\n<li class=\"list__item\"><img loading=\"lazy\" decoding=\"async\" id=\"NjMzOjM3Mg==-1\" class=\"attachment-full size-full nitro-lazy\" title=\"\" src=\"https:\/\/cdn-ikplpbh.nitrocdn.com\/xFcRTSYjBeGkdHkVakxokAsibqIDShRl\/assets\/images\/optimized\/rev-0e28879\/www.ampeco.com\/content\/uploads\/2022\/02\/Tritium-logo.png\" alt=\"Gestion Dynamique de la Charge - La Gestion Dynamique de la Charge d'AMPECO rajoute une dimension de gestion de la r\u00e9partition de la puissance \u00e9lectrique.\" width=\"280\" height=\"116\" \/><\/li>\n<li class=\"list__item\"><img loading=\"lazy\" decoding=\"async\" id=\"NjM0OjM2Nw==-1\" class=\"attachment-full size-full nitro-lazy\" title=\"\" src=\"https:\/\/cdn-ikplpbh.nitrocdn.com\/xFcRTSYjBeGkdHkVakxokAsibqIDShRl\/assets\/images\/optimized\/rev-0e28879\/www.ampeco.com\/content\/uploads\/2022\/02\/wallbox.png\" alt=\"Gestion Dynamique de la Charge - La Gestion Dynamique de la Charge d'AMPECO rajoute une dimension de gestion de la r\u00e9partition de la puissance \u00e9lectrique.\" width=\"280\" height=\"116\" \/><\/li>\n<li class=\"list__item\"><img loading=\"lazy\" decoding=\"async\" id=\"NjM1OjM3Mg==-1\" class=\"attachment-full size-full nitro-lazy\" title=\"\" src=\"https:\/\/cdn-ikplpbh.nitrocdn.com\/xFcRTSYjBeGkdHkVakxokAsibqIDShRl\/assets\/images\/optimized\/rev-0e28879\/www.ampeco.com\/content\/uploads\/2022\/03\/compleo-logo.png\" alt=\"Gestion Dynamique de la Charge - La Gestion Dynamique de la Charge d'AMPECO rajoute une dimension de gestion de la r\u00e9partition de la puissance \u00e9lectrique.\" width=\"280\" height=\"116\" \/><\/li>\n<li class=\"list__item\"><img loading=\"lazy\" decoding=\"async\" id=\"NjM2OjM3Nw==-1\" class=\"attachment-full size-full nitro-lazy\" title=\"\" src=\"https:\/\/cdn-ikplpbh.nitrocdn.com\/xFcRTSYjBeGkdHkVakxokAsibqIDShRl\/assets\/images\/optimized\/rev-0e28879\/www.ampeco.com\/content\/uploads\/2022\/03\/ekoenergtyka-logo.png\" alt=\"Gestion Dynamique de la Charge - La Gestion Dynamique de la Charge d'AMPECO rajoute une dimension de gestion de la r\u00e9partition de la puissance \u00e9lectrique.\" width=\"280\" height=\"116\" \/><\/li>\n<li class=\"list__item\"><img loading=\"lazy\" decoding=\"async\" id=\"NjM3OjM3NQ==-1\" class=\"attachment-full size-full nitro-lazy\" title=\"\" src=\"https:\/\/cdn-ikplpbh.nitrocdn.com\/xFcRTSYjBeGkdHkVakxokAsibqIDShRl\/assets\/images\/optimized\/rev-0e28879\/www.ampeco.com\/content\/uploads\/2022\/03\/circontrol-logo.png\" alt=\"Gestion Dynamique de la Charge - La Gestion Dynamique de la Charge d'AMPECO rajoute une dimension de gestion de la r\u00e9partition de la puissance \u00e9lectrique.\" width=\"280\" height=\"116\" \/><\/li>\n<\/ul>\n<ul class=\"partner_logos_list marquee\">\n<li class=\"list__item\"><img loading=\"lazy\" decoding=\"async\" id=\"NjQwOjM2Ng==-1\" class=\"attachment-full size-full nitro-lazy\" title=\"\" src=\"https:\/\/cdn-ikplpbh.nitrocdn.com\/xFcRTSYjBeGkdHkVakxokAsibqIDShRl\/assets\/images\/optimized\/rev-0e28879\/www.ampeco.com\/content\/uploads\/2022\/02\/Garo-logo.png\" alt=\"Gestion Dynamique de la Charge - La Gestion Dynamique de la Charge d'AMPECO rajoute une dimension de gestion de la r\u00e9partition de la puissance \u00e9lectrique.\" width=\"280\" height=\"116\" \/><\/li>\n<li class=\"list__item\"><img loading=\"lazy\" decoding=\"async\" id=\"NjQxOjM3NQ==-1\" class=\"attachment-full size-full nitro-lazy\" title=\"\" src=\"https:\/\/cdn-ikplpbh.nitrocdn.com\/xFcRTSYjBeGkdHkVakxokAsibqIDShRl\/assets\/images\/optimized\/rev-0e28879\/www.ampeco.com\/content\/uploads\/2022\/02\/hypecharge-logo.png\" alt=\"Gestion Dynamique de la Charge - La Gestion Dynamique de la Charge d'AMPECO rajoute une dimension de gestion de la r\u00e9partition de la puissance \u00e9lectrique.\" width=\"280\" height=\"116\" \/><\/li>\n<li class=\"list__item\"><img loading=\"lazy\" decoding=\"async\" id=\"NjQyOjM3Mg==-1\" class=\"attachment-full size-full nitro-lazy\" title=\"\" src=\"https:\/\/cdn-ikplpbh.nitrocdn.com\/xFcRTSYjBeGkdHkVakxokAsibqIDShRl\/assets\/images\/optimized\/rev-0e28879\/www.ampeco.com\/content\/uploads\/2022\/02\/Legrand-logo.png\" alt=\"Gestion Dynamique de la Charge - La Gestion Dynamique de la Charge d'AMPECO rajoute une dimension de gestion de la r\u00e9partition de la puissance \u00e9lectrique.\" width=\"280\" height=\"116\" \/><\/li>\n<li class=\"list__item\"><img loading=\"lazy\" decoding=\"async\" id=\"NjQzOjM3Mw==-1\" class=\"attachment-full size-full nitro-lazy\" title=\"\" src=\"https:\/\/cdn-ikplpbh.nitrocdn.com\/xFcRTSYjBeGkdHkVakxokAsibqIDShRl\/assets\/images\/optimized\/rev-0e28879\/www.ampeco.com\/content\/uploads\/2022\/02\/Schneder-logo.png\" alt=\"Gestion Dynamique de la Charge - La Gestion Dynamique de la Charge d'AMPECO rajoute une dimension de gestion de la r\u00e9partition de la puissance \u00e9lectrique.\" width=\"280\" height=\"116\" \/><\/li>\n<li class=\"list__item\"><img loading=\"lazy\" decoding=\"async\" id=\"NjQ0OjM3Mg==-1\" class=\"attachment-full size-full nitro-lazy\" title=\"\" src=\"https:\/\/cdn-ikplpbh.nitrocdn.com\/xFcRTSYjBeGkdHkVakxokAsibqIDShRl\/assets\/images\/optimized\/rev-0e28879\/www.ampeco.com\/content\/uploads\/2022\/02\/Tritium-logo.png\" alt=\"Gestion Dynamique de la Charge - La Gestion Dynamique de la Charge d'AMPECO rajoute une dimension de gestion de la r\u00e9partition de la puissance \u00e9lectrique.\" width=\"280\" height=\"116\" \/><\/li>\n<li class=\"list__item\"><img loading=\"lazy\" decoding=\"async\" id=\"NjQ1OjM2Nw==-1\" class=\"attachment-full size-full nitro-lazy\" title=\"\" src=\"https:\/\/cdn-ikplpbh.nitrocdn.com\/xFcRTSYjBeGkdHkVakxokAsibqIDShRl\/assets\/images\/optimized\/rev-0e28879\/www.ampeco.com\/content\/uploads\/2022\/02\/wallbox.png\" alt=\"Gestion Dynamique de la Charge - La Gestion Dynamique de la Charge d'AMPECO rajoute une dimension de gestion de la r\u00e9partition de la puissance \u00e9lectrique.\" width=\"280\" height=\"116\" \/><\/li>\n<li class=\"list__item\"><img loading=\"lazy\" decoding=\"async\" id=\"NjQ2OjM3Mg==-1\" class=\"attachment-full size-full nitro-lazy\" title=\"\" src=\"https:\/\/cdn-ikplpbh.nitrocdn.com\/xFcRTSYjBeGkdHkVakxokAsibqIDShRl\/assets\/images\/optimized\/rev-0e28879\/www.ampeco.com\/content\/uploads\/2022\/03\/compleo-logo.png\" alt=\"Gestion Dynamique de la Charge - La Gestion Dynamique de la Charge d'AMPECO rajoute une dimension de gestion de la r\u00e9partition de la puissance \u00e9lectrique.\" width=\"280\" height=\"116\" \/><\/li>\n<li class=\"list__item\"><img loading=\"lazy\" decoding=\"async\" id=\"NjQ3OjM3Nw==-1\" class=\"attachment-full size-full nitro-lazy\" title=\"\" src=\"https:\/\/cdn-ikplpbh.nitrocdn.com\/xFcRTSYjBeGkdHkVakxokAsibqIDShRl\/assets\/images\/optimized\/rev-0e28879\/www.ampeco.com\/content\/uploads\/2022\/03\/ekoenergtyka-logo.png\" alt=\"Gestion Dynamique de la Charge - La Gestion Dynamique de la Charge d'AMPECO rajoute une dimension de gestion de la r\u00e9partition de la puissance \u00e9lectrique.\" width=\"280\" height=\"116\" \/><\/li>\n<li class=\"list__item\"><img loading=\"lazy\" decoding=\"async\" id=\"NjQ4OjM3NQ==-1\" class=\"attachment-full size-full nitro-lazy\" title=\"\" src=\"https:\/\/cdn-ikplpbh.nitrocdn.com\/xFcRTSYjBeGkdHkVakxokAsibqIDShRl\/assets\/images\/optimized\/rev-0e28879\/www.ampeco.com\/content\/uploads\/2022\/03\/circontrol-logo.png\" alt=\"Gestion Dynamique de la Charge - La Gestion Dynamique de la Charge d'AMPECO rajoute une dimension de gestion de la r\u00e9partition de la puissance \u00e9lectrique.\" width=\"280\" height=\"116\" \/><\/li>\n<\/ul>\n<\/div>\n<div class=\"logos_line_wrap marquee-wrapper\">\n<ul class=\"partner_logos_list marquee line2 s1\">\n<li class=\"list__item\"><img loading=\"lazy\" decoding=\"async\" id=\"NjU0OjM4MA==-1\" class=\"attachment-full size-full nitro-lazy\" title=\"\" src=\"https:\/\/cdn-ikplpbh.nitrocdn.com\/xFcRTSYjBeGkdHkVakxokAsibqIDShRl\/assets\/images\/optimized\/rev-0e28879\/www.ampeco.com\/content\/uploads\/2022\/02\/ABB-logo.png\" alt=\"Gestion Dynamique de la Charge - La Gestion Dynamique de la Charge d'AMPECO rajoute une dimension de gestion de la r\u00e9partition de la puissance \u00e9lectrique.\" width=\"280\" height=\"116\" \/><\/li>\n<li class=\"list__item\"><img loading=\"lazy\" decoding=\"async\" id=\"NjU1OjM2OQ==-1\" class=\"attachment-full size-full nitro-lazy\" title=\"\" src=\"https:\/\/cdn-ikplpbh.nitrocdn.com\/xFcRTSYjBeGkdHkVakxokAsibqIDShRl\/assets\/images\/optimized\/rev-0e28879\/www.ampeco.com\/content\/uploads\/2022\/02\/evboxlogo.png\" alt=\"Gestion Dynamique de la Charge - La Gestion Dynamique de la Charge d'AMPECO rajoute une dimension de gestion de la r\u00e9partition de la puissance \u00e9lectrique.\" width=\"280\" height=\"116\" \/><\/li>\n<li class=\"list__item\"><img loading=\"lazy\" decoding=\"async\" id=\"NjU2OjM3MQ==-1\" class=\"attachment-full size-full nitro-lazy\" title=\"\" src=\"https:\/\/cdn-ikplpbh.nitrocdn.com\/xFcRTSYjBeGkdHkVakxokAsibqIDShRl\/assets\/images\/optimized\/rev-0e28879\/www.ampeco.com\/content\/uploads\/2022\/02\/Efacec-logo.png\" alt=\"Gestion Dynamique de la Charge - La Gestion Dynamique de la Charge d'AMPECO rajoute une dimension de gestion de la r\u00e9partition de la puissance \u00e9lectrique.\" width=\"280\" height=\"116\" \/><\/li>\n<li class=\"list__item\"><img loading=\"lazy\" decoding=\"async\" id=\"NjU3OjM3MA==-1\" class=\"attachment-full size-full nitro-lazy\" title=\"\" src=\"https:\/\/cdn-ikplpbh.nitrocdn.com\/xFcRTSYjBeGkdHkVakxokAsibqIDShRl\/assets\/images\/optimized\/rev-0e28879\/www.ampeco.com\/content\/uploads\/2022\/02\/alfen-logo.png\" alt=\"Gestion Dynamique de la Charge - La Gestion Dynamique de la Charge d'AMPECO rajoute une dimension de gestion de la r\u00e9partition de la puissance \u00e9lectrique.\" width=\"280\" height=\"116\" \/><\/li>\n<li class=\"list__item\"><img loading=\"lazy\" decoding=\"async\" id=\"NjU4OjM3NQ==-1\" class=\"attachment-full size-full nitro-lazy\" title=\"\" src=\"https:\/\/cdn-ikplpbh.nitrocdn.com\/xFcRTSYjBeGkdHkVakxokAsibqIDShRl\/assets\/images\/optimized\/rev-0e28879\/www.ampeco.com\/content\/uploads\/2022\/03\/StarCharge-logo.png\" alt=\"Gestion Dynamique de la Charge - La Gestion Dynamique de la Charge d'AMPECO rajoute une dimension de gestion de la r\u00e9partition de la puissance \u00e9lectrique.\" width=\"280\" height=\"116\" \/><\/li>\n<li class=\"list__item\"><img loading=\"lazy\" decoding=\"async\" id=\"NjU5OjM3Mw==-1\" class=\"attachment-full size-full nitro-lazy\" title=\"\" src=\"https:\/\/cdn-ikplpbh.nitrocdn.com\/xFcRTSYjBeGkdHkVakxokAsibqIDShRl\/assets\/images\/optimized\/rev-0e28879\/www.ampeco.com\/content\/uploads\/2022\/03\/ingeteam-logo.png\" alt=\"Gestion Dynamique de la Charge - La Gestion Dynamique de la Charge d'AMPECO rajoute une dimension de gestion de la r\u00e9partition de la puissance \u00e9lectrique.\" width=\"280\" height=\"116\" \/><\/li>\n<li class=\"list__item\"><img loading=\"lazy\" decoding=\"async\" id=\"NjYwOjM3Mw==-1\" class=\"attachment-full size-full nitro-lazy\" title=\"\" src=\"https:\/\/cdn-ikplpbh.nitrocdn.com\/xFcRTSYjBeGkdHkVakxokAsibqIDShRl\/assets\/images\/optimized\/rev-0e28879\/www.ampeco.com\/content\/uploads\/2022\/03\/enovates-logo.png\" alt=\"Gestion Dynamique de la Charge - La Gestion Dynamique de la Charge d'AMPECO rajoute une dimension de gestion de la r\u00e9partition de la puissance \u00e9lectrique.\" width=\"280\" height=\"116\" \/><\/li>\n<\/ul>\n<ul class=\"partner_logos_list marquee line2 s2\">\n<li class=\"list__item\"><img loading=\"lazy\" decoding=\"async\" id=\"NjYzOjM4MA==-1\" class=\"attachment-full size-full nitro-lazy\" title=\"\" src=\"https:\/\/cdn-ikplpbh.nitrocdn.com\/xFcRTSYjBeGkdHkVakxokAsibqIDShRl\/assets\/images\/optimized\/rev-0e28879\/www.ampeco.com\/content\/uploads\/2022\/02\/ABB-logo.png\" alt=\"Gestion Dynamique de la Charge - La Gestion Dynamique de la Charge d'AMPECO rajoute une dimension de gestion de la r\u00e9partition de la puissance \u00e9lectrique.\" width=\"280\" height=\"116\" \/><\/li>\n<li class=\"list__item\"><img loading=\"lazy\" decoding=\"async\" id=\"NjY0OjM2OQ==-1\" class=\"attachment-full size-full nitro-lazy\" title=\"\" src=\"https:\/\/cdn-ikplpbh.nitrocdn.com\/xFcRTSYjBeGkdHkVakxokAsibqIDShRl\/assets\/images\/optimized\/rev-0e28879\/www.ampeco.com\/content\/uploads\/2022\/02\/evboxlogo.png\" alt=\"Gestion Dynamique de la Charge - La Gestion Dynamique de la Charge d'AMPECO rajoute une dimension de gestion de la r\u00e9partition de la puissance \u00e9lectrique.\" width=\"280\" height=\"116\" \/><\/li>\n<li class=\"list__item\"><img loading=\"lazy\" decoding=\"async\" id=\"NjY1OjM3MQ==-1\" class=\"attachment-full size-full nitro-lazy\" title=\"\" src=\"https:\/\/cdn-ikplpbh.nitrocdn.com\/xFcRTSYjBeGkdHkVakxokAsibqIDShRl\/assets\/images\/optimized\/rev-0e28879\/www.ampeco.com\/content\/uploads\/2022\/02\/Efacec-logo.png\" alt=\"Gestion Dynamique de la Charge - La Gestion Dynamique de la Charge d'AMPECO rajoute une dimension de gestion de la r\u00e9partition de la puissance \u00e9lectrique.\" width=\"280\" height=\"116\" \/><\/li>\n<li class=\"list__item\"><img loading=\"lazy\" decoding=\"async\" id=\"NjY2OjM3MA==-1\" class=\"attachment-full size-full nitro-lazy\" title=\"\" src=\"https:\/\/cdn-ikplpbh.nitrocdn.com\/xFcRTSYjBeGkdHkVakxokAsibqIDShRl\/assets\/images\/optimized\/rev-0e28879\/www.ampeco.com\/content\/uploads\/2022\/02\/alfen-logo.png\" alt=\"Gestion Dynamique de la Charge - La Gestion Dynamique de la Charge d'AMPECO rajoute une dimension de gestion de la r\u00e9partition de la puissance \u00e9lectrique.\" width=\"280\" height=\"116\" \/><\/li>\n<li class=\"list__item\"><img loading=\"lazy\" decoding=\"async\" id=\"NjY3OjM3NQ==-1\" class=\"attachment-full size-full nitro-lazy\" title=\"\" src=\"https:\/\/cdn-ikplpbh.nitrocdn.com\/xFcRTSYjBeGkdHkVakxokAsibqIDShRl\/assets\/images\/optimized\/rev-0e28879\/www.ampeco.com\/content\/uploads\/2022\/03\/StarCharge-logo.png\" alt=\"Gestion Dynamique de la Charge - La Gestion Dynamique de la Charge d'AMPECO rajoute une dimension de gestion de la r\u00e9partition de la puissance \u00e9lectrique.\" width=\"280\" height=\"116\" \/><\/li>\n<li class=\"list__item\"><img loading=\"lazy\" decoding=\"async\" id=\"NjY4OjM3Mw==-1\" class=\"attachment-full size-full nitro-lazy\" title=\"\" src=\"https:\/\/cdn-ikplpbh.nitrocdn.com\/xFcRTSYjBeGkdHkVakxokAsibqIDShRl\/assets\/images\/optimized\/rev-0e28879\/www.ampeco.com\/content\/uploads\/2022\/03\/ingeteam-logo.png\" alt=\"Gestion Dynamique de la Charge - La Gestion Dynamique de la Charge d'AMPECO rajoute une dimension de gestion de la r\u00e9partition de la puissance \u00e9lectrique.\" width=\"280\" height=\"116\" \/><\/li>\n<li class=\"list__item\"><img loading=\"lazy\" decoding=\"async\" id=\"NjY5OjM3Mw==-1\" class=\"attachment-full size-full nitro-lazy\" title=\"\" src=\"https:\/\/cdn-ikplpbh.nitrocdn.com\/xFcRTSYjBeGkdHkVakxokAsibqIDShRl\/assets\/images\/optimized\/rev-0e28879\/www.ampeco.com\/content\/uploads\/2022\/03\/enovates-logo.png\" alt=\"Gestion Dynamique de la Charge - La Gestion Dynamique de la Charge d'AMPECO rajoute une dimension de gestion de la r\u00e9partition de la puissance \u00e9lectrique.\" width=\"280\" height=\"116\" \/><\/li>\n<\/ul>\n<ul class=\"partner_logos_list marquee line2 s3\">\n<li class=\"list__item\"><img loading=\"lazy\" decoding=\"async\" id=\"NjcyOjM4MA==-1\" class=\"attachment-full size-full nitro-lazy\" title=\"\" src=\"https:\/\/cdn-ikplpbh.nitrocdn.com\/xFcRTSYjBeGkdHkVakxokAsibqIDShRl\/assets\/images\/optimized\/rev-0e28879\/www.ampeco.com\/content\/uploads\/2022\/02\/ABB-logo.png\" alt=\"Gestion Dynamique de la Charge - La Gestion Dynamique de la Charge d'AMPECO rajoute une dimension de gestion de la r\u00e9partition de la puissance \u00e9lectrique.\" width=\"280\" height=\"116\" \/><\/li>\n<li class=\"list__item\"><img loading=\"lazy\" decoding=\"async\" id=\"NjczOjM2OQ==-1\" class=\"attachment-full size-full nitro-lazy\" title=\"\" src=\"https:\/\/cdn-ikplpbh.nitrocdn.com\/xFcRTSYjBeGkdHkVakxokAsibqIDShRl\/assets\/images\/optimized\/rev-0e28879\/www.ampeco.com\/content\/uploads\/2022\/02\/evboxlogo.png\" alt=\"Gestion Dynamique de la Charge - La Gestion Dynamique de la Charge d'AMPECO rajoute une dimension de gestion de la r\u00e9partition de la puissance \u00e9lectrique.\" width=\"280\" height=\"116\" \/><\/li>\n<li class=\"list__item\"><img loading=\"lazy\" decoding=\"async\" id=\"Njc0OjM3MQ==-1\" class=\"attachment-full size-full nitro-lazy\" title=\"\" src=\"https:\/\/cdn-ikplpbh.nitrocdn.com\/xFcRTSYjBeGkdHkVakxokAsibqIDShRl\/assets\/images\/optimized\/rev-0e28879\/www.ampeco.com\/content\/uploads\/2022\/02\/Efacec-logo.png\" alt=\"Gestion Dynamique de la Charge - La Gestion Dynamique de la Charge d'AMPECO rajoute une dimension de gestion de la r\u00e9partition de la puissance \u00e9lectrique.\" width=\"280\" height=\"116\" \/><\/li>\n<li class=\"list__item\"><img loading=\"lazy\" decoding=\"async\" id=\"Njc1OjM3MA==-1\" class=\"attachment-full size-full nitro-lazy\" title=\"\" src=\"https:\/\/cdn-ikplpbh.nitrocdn.com\/xFcRTSYjBeGkdHkVakxokAsibqIDShRl\/assets\/images\/optimized\/rev-0e28879\/www.ampeco.com\/content\/uploads\/2022\/02\/alfen-logo.png\" alt=\"Gestion Dynamique de la Charge - La Gestion Dynamique de la Charge d'AMPECO rajoute une dimension de gestion de la r\u00e9partition de la puissance \u00e9lectrique.\" width=\"280\" height=\"116\" \/><\/li>\n<li class=\"list__item\"><img loading=\"lazy\" decoding=\"async\" id=\"Njc2OjM3NQ==-1\" class=\"attachment-full size-full nitro-lazy\" title=\"\" src=\"https:\/\/cdn-ikplpbh.nitrocdn.com\/xFcRTSYjBeGkdHkVakxokAsibqIDShRl\/assets\/images\/optimized\/rev-0e28879\/www.ampeco.com\/content\/uploads\/2022\/03\/StarCharge-logo.png\" alt=\"Gestion Dynamique de la Charge - La Gestion Dynamique de la Charge d'AMPECO rajoute une dimension de gestion de la r\u00e9partition de la puissance \u00e9lectrique.\" width=\"280\" height=\"116\" \/><\/li>\n<li class=\"list__item\"><img loading=\"lazy\" decoding=\"async\" id=\"Njc3OjM3Mw==-1\" class=\"attachment-full size-full nitro-lazy\" title=\"\" src=\"https:\/\/cdn-ikplpbh.nitrocdn.com\/xFcRTSYjBeGkdHkVakxokAsibqIDShRl\/assets\/images\/optimized\/rev-0e28879\/www.ampeco.com\/content\/uploads\/2022\/03\/ingeteam-logo.png\" alt=\"Gestion Dynamique de la Charge - La Gestion Dynamique de la Charge d'AMPECO rajoute une dimension de gestion de la r\u00e9partition de la puissance \u00e9lectrique.\" width=\"280\" height=\"116\" \/><\/li>\n<li class=\"list__item\"><img loading=\"lazy\" decoding=\"async\" id=\"Njc4OjM3Mw==-1\" class=\"attachment-full size-full nitro-lazy\" title=\"\" src=\"https:\/\/cdn-ikplpbh.nitrocdn.com\/xFcRTSYjBeGkdHkVakxokAsibqIDShRl\/assets\/images\/optimized\/rev-0e28879\/www.ampeco.com\/content\/uploads\/2022\/03\/enovates-logo.png\" alt=\"Gestion Dynamique de la Charge - La Gestion Dynamique de la Charge d'AMPECO rajoute une dimension de gestion de la r\u00e9partition de la puissance \u00e9lectrique.\" width=\"280\" height=\"116\" \/><\/li>\n<\/ul>\n<\/div>\n<\/div>\n<\/div>\n<div class=\"wp-block-group is-style-section-nds has-white-background-color has-background\">\n<div class=\"wp-block-group__inner-container is-layout-flow wp-block-group-is-layout-flow\">\n<h2 class=\"wp-block-heading has-text-align-center\">Comment fonctionne la Gestion Dynamique de la Charge<\/h2>\n<div class=\"wp-block-kadence-spacer aligncenter kt-block-spacer-2960_e5b607-8e\">\n<div class=\"kt-block-spacer kt-block-spacer-halign-center\"><\/div>\n<\/div>\n<div class=\"wp-block-kadence-tabs alignnone is-style-default\">\n<div class=\"kt-tabs-wrap kt-tabs-id2960_6b9e4b-ae kt-tabs-has-5-tabs kt-active-tab-1 kt-tabs-layout-tabs kt-tabs-tablet-layout-accordion kt-tabs-mobile-layout-accordion kt-tab-alignment-left kt-create-accordion\">\n<ul class=\"kt-tabs-title-list\">\n<li id=\"tab-dynamicpowerlimit\" class=\"kt-title-item kt-title-item-1 kt-tabs-svg-show-always kt-tabs-icon-side-right kt-tab-title-active\"><a class=\"kt-tab-title kt-tab-title-1\" href=\"#tab-dynamicpowerlimit\" data-tab=\"1\"><span class=\"kt-title-text\">Limitation dynamique de la puissance<\/span><\/a><\/li>\n<li id=\"tab-chargingstation\" class=\"kt-title-item kt-title-item-2 kt-tabs-svg-show-always kt-tabs-icon-side-right kt-tab-title-inactive\"><a class=\"kt-tab-title kt-tab-title-2\" href=\"#tab-chargingstation\" data-tab=\"2\"><span class=\"kt-title-text\">Station de recharge<\/span><\/a><\/li>\n<li id=\"tab-electricvehicle\" class=\"kt-title-item kt-title-item-3 kt-tabs-svg-show-always kt-tabs-icon-side-right kt-tab-title-inactive\"><a class=\"kt-tab-title kt-tab-title-3\" href=\"#tab-electricvehicle\" data-tab=\"3\"><span class=\"kt-title-text\">V\u00e9hicule \u00e9lectrique<\/span><\/a><\/li>\n<li id=\"tab-evdriver\" class=\"kt-title-item kt-title-item-4 kt-tabs-svg-show-always kt-tabs-icon-side-right kt-tab-title-inactive\"><a class=\"kt-tab-title kt-tab-title-4\" href=\"#tab-evdriver\" data-tab=\"4\"><span class=\"kt-title-text\">Conducteur de VE<\/span><\/a><\/li>\n<li id=\"tab-stateofcharge\" class=\"kt-title-item kt-title-item-5 kt-tabs-svg-show-always kt-tabs-icon-side-right kt-tab-title-inactive\"><a class=\"kt-tab-title kt-tab-title-5\" href=\"#tab-stateofcharge\" data-tab=\"5\"><span class=\"kt-title-text\">Niveau de charge<\/span><\/a><\/li>\n<\/ul>\n<div class=\"kt-tabs-content-wrap\">\n<div class=\"wp-block-kadence-tab kt-tab-inner-content kt-inner-tab-1 kt-inner-tab_332d16-6d\">\n<div class=\"kt-tab-inner-content-inner\">\n<div class=\"wp-block-columns are-vertically-aligned-center is-layout-flex wp-container-core-columns-is-layout-1 wp-block-columns-is-layout-flex\">\n<div class=\"wp-block-column is-vertically-aligned-center is-layout-flow wp-block-column-is-layout-flow\">\n<h4 class=\"wp-block-heading has-secondary-color has-text-color\" style=\"font-style: normal; font-weight: 300;\">lissage des pointes<\/h4>\n<h3 class=\"wp-block-heading\">Limitation dynamique de la puissance<\/h3>\n<p>L\u2019API WATTSC permet l\u2019int\u00e9gration avec les syst\u00e8mes de gestion des b\u00e2timents\/de l\u2019\u00e9nergie du site pour des ajustements automatis\u00e9s de la limitation de la puissance.<\/p>\n<p>Si un b\u00e2timent consomme plus d\u2019\u00e9nergie, les algorithmes peuvent limiter la consommation des bornes de recharge afin de r\u00e9duire les pointes de la demande et de garantir que le r\u00e9seau ne soit pas surcharg\u00e9.<\/p>\n<\/div>\n<div class=\"wp-block-column is-vertically-aligned-center is-layout-flow wp-block-column-is-layout-flow\">\n<figure class=\"wp-block-image size-large\"><img decoding=\"async\" id=\"NzE1OjI5Mw==-1\" class=\"wp-image-20093 nitro-lazy aligncenter\" title=\"DLM Comment \u00e7a marche D\u00e9placement de la charge\" src=\"https:\/\/cdn-ikplpbh.nitrocdn.com\/xFcRTSYjBeGkdHkVakxokAsibqIDShRl\/assets\/images\/source\/rev-0e28879\/www.ampeco.com\/content\/uploads\/2023\/06\/DLM-How-It-Works-Load-Shifting%E2%80%931-u.svg\" alt=\"DLM Comment \u00e7a marche D\u00e9placement de la charge\" \/><\/figure>\n<\/div>\n<\/div>\n<\/div>\n<\/div>\n<div class=\"wp-block-kadence-tab kt-tab-inner-content kt-inner-tab-2 kt-inner-tab_a1853a-e5\">\n<div class=\"kt-tab-inner-content-inner\">\n<div class=\"wp-block-columns are-vertically-aligned-center is-layout-flex wp-container-core-columns-is-layout-2 wp-block-columns-is-layout-flex\">\n<div class=\"wp-block-column is-vertically-aligned-center is-layout-flow wp-block-column-is-layout-flow\">\n<h4 class=\"wp-block-heading has-secondary-color has-text-color\" style=\"font-style: normal; font-weight: 300;\">\u00c9quilibrage de la charge<\/h4>\n<h3><\/h3>\n<h3 class=\"wp-block-heading\">Priorisation selon la Borne de recharge<\/h3>\n<p>En fonction de la capacit\u00e9 de la station de recharge (par exemple, monophas\u00e9e ou triphas\u00e9e), les algorithmes de GDC intelligente de WATTSC distribueront plus d\u2019\u00e9lectricit\u00e9 aux chargeurs les plus puissants. Cependant, s\u2019il y a un besoin et de l\u2019\u00e9nergie disponible, la puissance peut \u00eatre transf\u00e9r\u00e9e vers une station de recharge de plus petite capacit\u00e9 afin de maximiser l\u2019efficacit\u00e9 de la distribution.<\/p>\n<\/div>\n<div class=\"wp-block-column is-vertically-aligned-center is-layout-flow wp-block-column-is-layout-flow\">\n<figure class=\"wp-block-image size-large\"><img decoding=\"async\" id=\"NzM5OjMwNg==-1\" class=\"wp-image-20095 nitro-lazy aligncenter\" title=\"DLM Comment \u00e7a marche \u00c9quilibrage de charge - anim\u00e9\" src=\"https:\/\/cdn-ikplpbh.nitrocdn.com\/xFcRTSYjBeGkdHkVakxokAsibqIDShRl\/assets\/images\/source\/rev-0e28879\/www.ampeco.com\/content\/uploads\/2023\/06\/DLM-How-It-Works-Load-Balancing%E2%80%932-u.svg\" alt=\"DLM Comment \u00e7a marche \u00c9quilibrage de charge - anim\u00e9\" \/><\/figure>\n<\/div>\n<\/div>\n<\/div>\n<\/div>\n<div class=\"wp-block-kadence-tab kt-tab-inner-content kt-inner-tab-3 kt-inner-tab_5366e4-32\">\n<div class=\"kt-tab-inner-content-inner\">\n<div class=\"wp-block-columns are-vertically-aligned-center is-layout-flex wp-container-core-columns-is-layout-3 wp-block-columns-is-layout-flex\">\n<div class=\"wp-block-column is-vertically-aligned-center is-layout-flow wp-block-column-is-layout-flow\">\n<h4 class=\"wp-block-heading has-secondary-color has-text-color\" style=\"font-style: normal; font-weight: 300; text-align: center;\">\u00c9quilibrage de la charge<\/h4>\n<h3><\/h3>\n<h3 class=\"wp-block-heading\">Priorit\u00e9 au v\u00e9hicule \u00e9lectrique<\/h3>\n<p>Rechargez rapidement et efficacement tous les v\u00e9hicules en fonction de leur capacit\u00e9 de charge individuelle tout en optimisant l\u2019utilisation de l\u2019\u00e9nergie disponible. Nos algorithmes de GDC effectuent les ajustements n\u00e9cessaires \u00e0 l\u2019utilisation de l\u2019\u00e9nergie et la redirigent vers les v\u00e9hicules ayant la plus haute priorit\u00e9.<\/p>\n<\/div>\n<div class=\"wp-block-column is-vertically-aligned-center is-layout-flow wp-block-column-is-layout-flow\">\n<figure class=\"wp-block-image size-large\"><img decoding=\"async\" id=\"NzYzOjMxMg==-1\" class=\"wp-image-20097 nitro-lazy aligncenter\" title=\"DLM Comment \u00e7a marche \u00c9quilibrage de charge - 3 anim\u00e9s\" src=\"https:\/\/cdn-ikplpbh.nitrocdn.com\/xFcRTSYjBeGkdHkVakxokAsibqIDShRl\/assets\/images\/source\/rev-0e28879\/www.ampeco.com\/content\/uploads\/2023\/06\/DLM-How-It-Works-Load-Balancing%E2%80%933-u.svg\" alt=\"DLM Comment \u00e7a marche \u00c9quilibrage de charge - 3 anim\u00e9s\" \/><\/figure>\n<\/div>\n<\/div>\n<\/div>\n<\/div>\n<div class=\"wp-block-kadence-tab kt-tab-inner-content kt-inner-tab-4 kt-inner-tab_1dbed6-4f\">\n<div class=\"kt-tab-inner-content-inner\">\n<div class=\"wp-block-columns are-vertically-aligned-center is-layout-flex wp-container-core-columns-is-layout-4 wp-block-columns-is-layout-flex\">\n<div class=\"wp-block-column is-vertically-aligned-center is-layout-flow wp-block-column-is-layout-flow\">\n<h4 class=\"wp-block-heading has-secondary-color has-text-color\" style=\"font-style: normal; font-weight: 300; text-align: center;\">\u00c9quilibrage de la charge<\/h4>\n<h3 class=\"wp-block-heading\">Priorisation selon le conducteur du VE<\/h3>\n<p>Configurez la priorisation des utilisateurs pour qu\u2019elle varie en fonction de l\u2019abonnement ou du plan tarifaire du client (invit\u00e9, r\u00e9gulier, VIP, etc.). Nos algorithmes de GDC garantissent que les conducteurs de VE qui ont une plus haute priorit\u00e9 se voient accorder l\u2019acc\u00e8s \u00e0 une plus grande quantit\u00e9 d\u2019\u00e9lectricit\u00e9 disponible.<\/p>\n<\/div>\n<div class=\"wp-block-column is-vertically-aligned-center is-layout-flow wp-block-column-is-layout-flow\">\n<figure class=\"wp-block-image size-large\"><img decoding=\"async\" id=\"Nzg3OjI0MQ==-1\" class=\"wp-image-20099 nitro-lazy aligncenter\" title=\"DLM Comment ca marche\" src=\"https:\/\/cdn-ikplpbh.nitrocdn.com\/xFcRTSYjBeGkdHkVakxokAsibqIDShRl\/assets\/images\/source\/rev-0e28879\/www.ampeco.com\/content\/uploads\/2023\/06\/DLM-How-It-Works-Load-Balancing%E2%80%934-u.svg\" alt=\"DLM Comment ca marche \" \/><\/figure>\n<\/div>\n<\/div>\n<\/div>\n<\/div>\n<div class=\"wp-block-kadence-tab kt-tab-inner-content kt-inner-tab-5 kt-inner-tab_c26c0a-82\">\n<div class=\"kt-tab-inner-content-inner\">\n<div class=\"wp-block-columns are-vertically-aligned-center is-layout-flex wp-container-core-columns-is-layout-5 wp-block-columns-is-layout-flex\">\n<div class=\"wp-block-column is-vertically-aligned-center is-layout-flow wp-block-column-is-layout-flow\">\n<h4 class=\"wp-block-heading has-secondary-color has-text-color\" style=\"font-style: normal; font-weight: 300; text-align: center;\">\u00c9quilibrage de la charge<\/h4>\n<h3 class=\"wp-block-heading\">Priorisation selon le Niveau de la Charge<\/h3>\n<p>Chargez en fonction du Niveau de Charge actuel (NdC). Si la charge d\u2019un v\u00e9hicule est presque termin\u00e9e, notre solution de GDC transf\u00e8re de l\u2019\u00e9nergie suppl\u00e9mentaire \u00e0 d\u2019autres v\u00e9hicules, dans la mesure o\u00f9 cela ne perturbe pas l\u2019ordre de priorit\u00e9 des utilisateurs ou des v\u00e9hicules qui a \u00e9t\u00e9 d\u00e9fini pr\u00e9c\u00e9demment.<\/p>\n<\/div>\n<div class=\"wp-block-column is-vertically-aligned-center is-layout-flow wp-block-column-is-layout-flow\">\n<figure class=\"wp-block-image size-large\"><img decoding=\"async\" id=\"ODExOjM2Mw==-1\" class=\"wp-image-13230 nitro-lazy aligncenter\" title=\"\" src=\"https:\/\/cdn-ikplpbh.nitrocdn.com\/xFcRTSYjBeGkdHkVakxokAsibqIDShRl\/assets\/images\/source\/rev-0e28879\/www.ampeco.com\/content\/uploads\/2022\/10\/DLM-How-It-Works-Load-Balancing-%E2%80%93-5-animated.svg\" alt=\"Gestion Dynamique de la Charge - La Gestion Dynamique de la Charge d'AMPECO rajoute une dimension de gestion de la r\u00e9partition de la puissance \u00e9lectrique.\" \/><\/figure>\n<\/div>\n<\/div>\n<\/div>\n<\/div>\n<\/div>\n<\/div>\n<\/div>\n<\/div>\n<\/div>\n<div class=\"wp-block-group is-style-section-nds\">\n<div class=\"wp-block-group__inner-container is-layout-flow wp-block-group-is-layout-flow\">\n<div class=\"wp-block-group is-style-tilted-green-bg\">\n<div class=\"wp-block-group__inner-container is-layout-flow wp-block-group-is-layout-flow\">\n<div class=\"wp-block-columns are-vertically-aligned-center no-mr-bot is-layout-flex wp-container-core-columns-is-layout-6 wp-block-columns-is-layout-flex\">\n<div class=\"wp-block-column is-vertically-aligned-center is-layout-flow wp-block-column-is-layout-flow\">\n<h2 class=\"wp-block-heading\"><strong>D\u00e9marrez avec la solution WATTSC<\/strong><\/h2>\n<p class=\"has-m-font-size\">Book a 30-min introductory call with our specialists and learn more about our EV charging platform.<\/p>\n<\/div>\n<div class=\"wp-block-column is-vertically-aligned-center is-layout-flow wp-block-column-is-layout-flow\">\n<figure class=\"wp-block-image size-large\"><img loading=\"lazy\" decoding=\"async\" id=\"ODM4OjM0OQ==-1\" class=\"wp-image-7248 nitro-lazy\" title=\"\" src=\"https:\/\/cdn-ikplpbh.nitrocdn.com\/xFcRTSYjBeGkdHkVakxokAsibqIDShRl\/assets\/images\/source\/rev-0e28879\/www.ampeco.com\/content\/uploads\/2022\/01\/demonstration-1.svg\" alt=\"Gestion Dynamique de la Charge - La Gestion Dynamique de la Charge d'AMPECO rajoute une dimension de gestion de la r\u00e9partition de la puissance \u00e9lectrique.\" width=\"410\" height=\"300\" \/><\/figure>\n<\/div>\n<\/div>\n<\/div>\n<\/div>\n<\/div>\n<\/div>\n<div class=\"wp-block-group is-style-section-nds\">\n<div class=\"wp-block-group__inner-container is-layout-flow wp-block-group-is-layout-flow\">\n<hr class=\"wp-block-separator has-css-opacity is-style-blue-line\" \/>\n<h4 class=\"wp-block-heading is-style-blue-label\">D\u00c9VELOPPEZ VOTRE ACTIVIT\u00c9 AVEC NOUS<\/h4>\n<h2 class=\"wp-block-heading narrow-800 narrow-nocenter\">Assurez une visibilit\u00e9 et un contr\u00f4le absolus de la consommation d\u2019\u00e9nergie gr\u00e2ce \u00e0 la GDC de WATTSC<\/h2>\n<p class=\"has-m-font-size\">La Gestion Dynamique de la Charge de WATTSC rajoute une dimension de gestion de la r\u00e9partition de la puissance \u00e9lectrique.<\/p>\n<div class=\"kb-row-layout-wrap kb-row-layout-id2960_474ffe-01 alignnone separator-on-bottom wp-block-kadence-rowlayout\">\n<div class=\"kt-row-column-wrap kt-has-4-columns kt-row-layout-equal kt-tab-layout-inherit kt-mobile-layout-row kt-row-valign-top\">\n<div class=\"wp-block-kadence-column kadence-column2960_313a7e-23 inner-column-1\">\n<div class=\"kt-inside-inner-col\">\n<h4 class=\"wp-block-heading has-m-font-size\">Solution de GDC technologiquement agnostique<\/h4>\n<p>G\u00e9rez un nombre illimit\u00e9 de mod\u00e8les de bornes de recharge, quel que soit le fabricant, gr\u00e2ce \u00e0 la solution de GDC de WATTSC bas\u00e9e sur la norme OCPP.<\/p>\n<hr class=\"wp-block-separator has-css-opacity is-style-blue-line-small\" \/>\n<\/div>\n<\/div>\n<div class=\"wp-block-kadence-column kadence-column2960_a64f40-c5 inner-column-2\">\n<div class=\"kt-inside-inner-col nitro-lazy\">\n<h4 class=\"wp-block-heading has-m-font-size\">Priorisation intelligente<\/h4>\n<p>Activez la vitesse de charge prioritaire en fonction du v\u00e9hicule, du type de client et de son abonnement ou plan tarifaire.<\/p>\n<hr class=\"wp-block-separator has-css-opacity is-style-blue-line-small\" \/>\n<\/div>\n<\/div>\n<div class=\"wp-block-kadence-column kadence-column2960_ec0d16-76 inner-column-3\">\n<div class=\"kt-inside-inner-col\">\n<h4 class=\"wp-block-heading has-m-font-size\">Ajustement de la limitation dynamique de la charge via l\u2019API<\/h4>\n<p>Obtenez une flexibilit\u00e9 absolue en contr\u00f4lant la limite de la GDC du circuit par l\u2019interm\u00e9diaire d\u2019une API.<\/p>\n<hr class=\"wp-block-separator has-css-opacity is-style-blue-line-small\" \/>\n<\/div>\n<\/div>\n<div class=\"wp-block-kadence-column kadence-column2960_5fc8de-53 inner-column-4\">\n<div class=\"kt-inside-inner-col\">\n<h4 class=\"wp-block-heading has-m-font-size\">Recharge hors connexion<\/h4>\n<p>Rechargez les v\u00e9hicules \u00e9lectriques en d\u00e9pit des pannes de r\u00e9seau. Notre solution de GDC permet de sauvegarder des profils de recharge intelligente en attendant que le r\u00e9seau se reconnecte.<\/p>\n<hr class=\"wp-block-separator has-css-opacity is-style-blue-line-small\" \/>\n<\/div>\n<\/div>\n<\/div>\n<\/div>\n<\/div>\n<\/div>\n<div class=\"wp-block-group is-style-section-nds has-background\" style=\"background: linear-gradient(159deg,#0E60C3 0%,#0D478D 100%);\">\n<div class=\"wp-block-group__inner-container is-layout-flow wp-block-group-is-layout-flow\">\n<h2 class=\"wp-block-heading has-text-align-center has-white-color has-text-color\">Atteignez une recharge optimale gr\u00e2ce \u00e0 la Gestion Dynamique de la Charge (GDC) accessible dans le Cloud.<\/h2>\n<div class=\"wp-block-kadence-spacer aligncenter kt-block-spacer-2960_639cc8-df\">\n<div class=\"kt-block-spacer kt-block-spacer-halign-center\"><\/div>\n<\/div>\n<div class=\"wp-block-columns is-style-white-text-boxes is-layout-flex wp-container-core-columns-is-layout-7 wp-block-columns-is-layout-flex\">\n<div class=\"wp-block-column is-layout-flow wp-block-column-is-layout-flow\">\n<div class=\"wp-block-group\">\n<div class=\"wp-block-group__inner-container is-layout-flow wp-block-group-is-layout-flow\">\n<h3 class=\"wp-block-heading\">\u00c9conomisez sur les mises \u00e0 niveau on\u00e9reuses de l\u2019infrastructure \u00e9lectrique<\/h3>\n<p>La GDC permet une distribution optimale de la puissance \u00e9lectrique existante sans qu\u2019il soit n\u00e9cessaire de proc\u00e9der \u00e0 des mises \u00e0 niveau on\u00e9reuses de l\u2019infrastructure. De plus, elle \u00e9limine la n\u00e9cessit\u00e9 d\u2019un raccordement physique entre les chargeurs et r\u00e9duit les co\u00fbts d\u2019installation et d\u2019entretien.<\/p>\n<\/div>\n<\/div>\n<\/div>\n<div class=\"wp-block-column is-layout-flow wp-block-column-is-layout-flow\">\n<div class=\"wp-block-group\">\n<div class=\"wp-block-group__inner-container is-layout-flow wp-block-group-is-layout-flow\">\n<h3 class=\"wp-block-heading\">Augmentez vos revenus avec la priorisation intelligente<\/h3>\n<p>Offrez aux clients r\u00e9guliers une vitesse de recharge plus \u00e9lev\u00e9e en fonction de leur abonnement ou de leur plan tarifaire, ce qui leur donnera un avantage par rapport aux conducteurs de VE occasionnels ou autres.<\/p>\n<\/div>\n<\/div>\n<\/div>\n<div class=\"wp-block-column is-layout-flow wp-block-column-is-layout-flow\">\n<div class=\"wp-block-group\">\n<div class=\"wp-block-group__inner-container is-layout-flow wp-block-group-is-layout-flow\">\n<h3 class=\"wp-block-heading\">G\u00e9rez les limitations de charge via l\u2019API<\/h3>\n<p>G\u00e9rez la limite de la GDC du circuit \u00e0 l\u2019aide de notre API de recharge des VE et b\u00e9n\u00e9ficiez d\u2019une s\u00e9curit\u00e9 totale du r\u00e9seau et d\u2019une flexibilit\u00e9 maximale en mati\u00e8re de distribution d\u2019\u00e9nergie. Int\u00e9grez les syst\u00e8mes de gestion de l\u2019\u00e9nergie tiers pr\u00e9sents sur le site pour des ajustements automatis\u00e9s des limitations.<\/p>\n<\/div>\n<\/div>\n<\/div>\n<\/div>\n<div class=\"wp-block-columns is-style-white-text-boxes is-layout-flex wp-container-core-columns-is-layout-8 wp-block-columns-is-layout-flex\">\n<div class=\"wp-block-column is-layout-flow wp-block-column-is-layout-flow\">\n<div class=\"wp-block-group\">\n<div class=\"wp-block-group__inner-container is-layout-flow wp-block-group-is-layout-flow\">\n<h3 class=\"wp-block-heading\">R\u00e9alisez des d\u00e9ploiements \u00e0 grande \u00e9chelle<\/h3>\n<p>G\u00e9rez un nombre pratiquement illimit\u00e9 de stations de recharge regroup\u00e9es sur un m\u00eame site via la GDC du circuit et fixez une limite de la puissance avec le logiciel de GDC de WATTSC.<\/p>\n<\/div>\n<\/div>\n<\/div>\n<div class=\"wp-block-column is-layout-flow wp-block-column-is-layout-flow\">\n<div class=\"wp-block-group\">\n<div class=\"wp-block-group__inner-container is-layout-flow wp-block-group-is-layout-flow\">\n<h3 class=\"wp-block-heading\">Ajoutez des chargeurs de diff\u00e9rents fabricants<\/h3>\n<p>G\u00e9rez les chargeurs de diff\u00e9rents fabricants avec la GDC de WATTSC bas\u00e9e sur la norme OCPP. B\u00e9n\u00e9ficiez d\u2019une facilit\u00e9 d\u2019extension des installations existantes de chargeurs de VE et d\u2019un retour sur investissement optimis\u00e9.<\/p>\n<\/div>\n<\/div>\n<\/div>\n<div class=\"wp-block-column is-vertically-aligned-center no-border is-layout-flow wp-block-column-is-layout-flow\">\n<div class=\"wp-block-group\">\n<div class=\"wp-block-group__inner-container is-layout-flow wp-block-group-is-layout-flow\">\n<div class=\"wp-block-buttons is-content-justification-center is-layout-flex wp-container-core-buttons-is-layout-4 wp-block-buttons-is-layout-flex\">\n<div class=\"wp-block-button is-style-short-underline-nds-centered\"><a class=\"wp-block-button__link has-white-color has-text-color wp-element-button\" href=\"https:\/\/www.ampeco.com\/fr\/demo\/\" target=\"_blank\" rel=\"noopener\">R\u00e9servez une D\u00e9mo<\/a><\/div>\n<\/div>\n<\/div>\n<\/div>\n<\/div>\n<\/div>\n<\/div>\n<\/div>\n<div class=\"wp-block-group is-style-section-nds\">\n<div class=\"wp-block-group__inner-container is-layout-flow wp-block-group-is-layout-flow\">\n<h2 class=\"wp-block-heading has-text-align-center\">L\u2019\u00e9quilibrage dynamique de la charge est une n\u00e9cessit\u00e9 pour<br \/>\nles r\u00e9seaux priv\u00e9s ou publics de recharge de VE<\/h2>\n<p class=\"has-text-align-center\">Le logiciel de GDC de WATTSC aide les op\u00e9rateurs de bornes de recharge, les installateurs, les exploitants de flottes, les fournisseurs d\u2019\u00e9nergie et autres, \u00e0 mettre en place une solution de recharge pour VE robuste et p\u00e9renne.<\/p>\n<div class=\"wp-block-spacer\" style=\"height: 40px;\" aria-hidden=\"true\"><\/div>\n<div class=\"wp-block-kadence-tabs alignnone is-style-default\">\n<div class=\"kt-tabs-wrap kt-tabs-id2960_e47a3b-a7 kt-tabs-has-4-tabs kt-active-tab-1 kt-tabs-layout-tabs kt-tabs-tablet-layout-accordion kt-tabs-mobile-layout-accordion kt-tab-alignment-left kt-create-accordion\">\n<ul class=\"kt-tabs-title-list\">\n<li id=\"tab-residentialbuildings\" class=\"kt-title-item kt-title-item-1 kt-tabs-svg-show-always kt-tabs-icon-side-right kt-tab-title-active\"><a class=\"kt-tab-title kt-tab-title-1\" href=\"#tab-residentialbuildings\" data-tab=\"1\"><span class=\"kt-title-text\">Immeubles r\u00e9sidentiels<\/span><\/a><\/li>\n<li id=\"tab-chargingdepots\" class=\"kt-title-item kt-title-item-2 kt-tabs-svg-show-always kt-tabs-icon-side-right kt-tab-title-inactive\"><a class=\"kt-tab-title kt-tab-title-2\" href=\"#tab-chargingdepots\" data-tab=\"2\"><span class=\"kt-title-text\">D\u00e9p\u00f4ts de recharge<\/span><\/a><\/li>\n<li id=\"tab-officebuildings\" class=\"kt-title-item kt-title-item-3 kt-tabs-svg-show-always kt-tabs-icon-side-right kt-tab-title-inactive\"><a class=\"kt-tab-title kt-tab-title-3\" href=\"#tab-officebuildings\" data-tab=\"3\"><span class=\"kt-title-text\">Immeubles de bureaux<\/span><\/a><\/li>\n<li id=\"tab-retailampparkinginfrastructure\" class=\"kt-title-item kt-title-item-4 kt-tabs-svg-show-always kt-tabs-icon-side-right kt-tab-title-inactive\"><a class=\"kt-tab-title kt-tab-title-4\" href=\"#tab-retailampparkinginfrastructure\" data-tab=\"4\"><span class=\"kt-title-text\">Retail &amp; Parking infrastructure<\/span><\/a><\/li>\n<\/ul>\n<div class=\"kt-tabs-content-wrap\">\n<div class=\"wp-block-kadence-tab kt-tab-inner-content kt-inner-tab-1 kt-inner-tab_00ecdc-49\">\n<div class=\"kt-tab-inner-content-inner\">\n<div class=\"kb-row-layout-wrap kb-row-layout-id2960_1acf54-d7 alignnone wp-block-kadence-rowlayout\">\n<div class=\"kt-row-column-wrap kt-has-2-columns kt-row-layout-equal kt-tab-layout-inherit kt-mobile-layout-row kt-row-valign-top\">\n<div class=\"wp-block-kadence-column kadence-column2960_cd230c-c9 inner-column-1\">\n<div class=\"kt-inside-inner-col\">\n<h3 class=\"wp-block-heading\"><strong><strong>Immeubles r\u00e9sidentiels<\/strong><\/strong><\/h3>\n<p>La GDC dans le cloud vous permet de r\u00e9duire les co\u00fbts d\u2019investissement sans perdre en qualit\u00e9 de service pour vos locataires. Vous prot\u00e9gez votre r\u00e9seau \u00e9lectrique local tout en offrant une solution de recharge efficace pour les VE. Avec un Syst\u00e8me de Gestion des B\u00e2timents (SGB), int\u00e9gr\u00e9 via une API, vous pouvez g\u00e9rer de mani\u00e8re optimale l\u2019ensemble de la consommation d\u2019\u00e9nergie de la propri\u00e9t\u00e9. Vous pouvez en outre offrir \u00e0 des locataires distincts un acc\u00e8s prioritaire ou une tarification personnalis\u00e9e et augmenter ainsi le retour sur investissement de votre projet.<\/p>\n<\/div>\n<\/div>\n<div class=\"wp-block-kadence-column kadence-column2960_6ed6f7-fc inner-column-2\">\n<div class=\"kt-inside-inner-col\">\n<div class=\"wp-block-image\">\n<figure class=\"aligncenter size-large is-resized\"><img loading=\"lazy\" decoding=\"async\" id=\"MTAyNzoxNzE5-1\" class=\"wp-image-12693 nitro-lazy aligncenter\" style=\"width: 512px; height: 512px;\" title=\"Recharge dans les immeubles r\u00e9sidentiels\" src=\"https:\/\/www.ampeco.com\/content\/uploads\/2022\/10\/dynamic-load-management-use-case-1-1024x1024.jpg\" sizes=\"(max-width: 1024px) 100vw, 1024px\" srcset=\"https:\/\/www.ampeco.com\/content\/uploads\/2022\/10\/dynamic-load-management-use-case-1-1024x1024.jpg 1024w, https:\/\/cdn-ikplpbh.nitrocdn.com\/xFcRTSYjBeGkdHkVakxokAsibqIDShRl\/assets\/images\/optimized\/rev-0e28879\/www.ampeco.com\/content\/uploads\/2022\/10\/dynamic-load-management-use-case-1-96x96.jpg 96w, https:\/\/cdn-ikplpbh.nitrocdn.com\/xFcRTSYjBeGkdHkVakxokAsibqIDShRl\/assets\/images\/optimized\/rev-0e28879\/www.ampeco.com\/content\/uploads\/2022\/10\/dynamic-load-management-use-case-1-150x150.jpg 150w, https:\/\/cdn-ikplpbh.nitrocdn.com\/xFcRTSYjBeGkdHkVakxokAsibqIDShRl\/assets\/images\/optimized\/rev-0e28879\/www.ampeco.com\/content\/uploads\/2022\/10\/dynamic-load-management-use-case-1-300x300.jpg 300w, https:\/\/cdn-ikplpbh.nitrocdn.com\/xFcRTSYjBeGkdHkVakxokAsibqIDShRl\/assets\/images\/optimized\/rev-0e28879\/www.ampeco.com\/content\/uploads\/2022\/10\/dynamic-load-management-use-case-1-768x768.jpg 768w, https:\/\/cdn-ikplpbh.nitrocdn.com\/xFcRTSYjBeGkdHkVakxokAsibqIDShRl\/assets\/images\/optimized\/rev-0e28879\/www.ampeco.com\/content\/uploads\/2022\/10\/dynamic-load-management-use-case-1-1536x1536.jpg 1536w, https:\/\/cdn-ikplpbh.nitrocdn.com\/xFcRTSYjBeGkdHkVakxokAsibqIDShRl\/assets\/images\/optimized\/rev-0e28879\/www.ampeco.com\/content\/uploads\/2022\/10\/dynamic-load-management-use-case-1-330x330.jpg 330w, https:\/\/cdn-ikplpbh.nitrocdn.com\/xFcRTSYjBeGkdHkVakxokAsibqIDShRl\/assets\/images\/optimized\/rev-0e28879\/www.ampeco.com\/content\/uploads\/2022\/10\/dynamic-load-management-use-case-1-660x660.jpg 660w, https:\/\/cdn-ikplpbh.nitrocdn.com\/xFcRTSYjBeGkdHkVakxokAsibqIDShRl\/assets\/images\/optimized\/rev-0e28879\/www.ampeco.com\/content\/uploads\/2022\/10\/dynamic-load-management-use-case-1-512x512.jpg 512w, https:\/\/cdn-ikplpbh.nitrocdn.com\/xFcRTSYjBeGkdHkVakxokAsibqIDShRl\/assets\/images\/optimized\/rev-0e28879\/www.ampeco.com\/content\/uploads\/2022\/10\/dynamic-load-management-use-case-1-600x600.jpg 600w, https:\/\/cdn-ikplpbh.nitrocdn.com\/xFcRTSYjBeGkdHkVakxokAsibqIDShRl\/assets\/images\/optimized\/rev-0e28879\/www.ampeco.com\/content\/uploads\/2022\/10\/dynamic-load-management-use-case-1-1200x1200.jpg 1200w, https:\/\/cdn-ikplpbh.nitrocdn.com\/xFcRTSYjBeGkdHkVakxokAsibqIDShRl\/assets\/images\/optimized\/rev-0e28879\/www.ampeco.com\/content\/uploads\/2022\/10\/dynamic-load-management-use-case-1-840x840.jpg 840w, https:\/\/cdn-ikplpbh.nitrocdn.com\/xFcRTSYjBeGkdHkVakxokAsibqIDShRl\/assets\/images\/optimized\/rev-0e28879\/www.ampeco.com\/content\/uploads\/2022\/10\/dynamic-load-management-use-case-1.jpg 1560w\" alt=\"Recharge dans les immeubles r\u00e9sidentiels\" width=\"1024\" height=\"1024\" \/><\/figure>\n<\/div>\n<\/div>\n<\/div>\n<\/div>\n<\/div>\n<\/div>\n<\/div>\n<div class=\"wp-block-kadence-tab kt-tab-inner-content kt-inner-tab-2 kt-inner-tab_af6b3a-d9\">\n<div class=\"kt-tab-inner-content-inner\">\n<div class=\"kb-row-layout-wrap kb-row-layout-id2960_743738-71 alignnone wp-block-kadence-rowlayout\">\n<div class=\"kt-row-column-wrap kt-has-2-columns kt-row-layout-equal kt-tab-layout-inherit kt-mobile-layout-row kt-row-valign-top\">\n<div class=\"wp-block-kadence-column kadence-column2960_da785c-11 inner-column-1\">\n<div class=\"kt-inside-inner-col\">\n<h3 class=\"wp-block-heading\"><strong><strong>D\u00e9p\u00f4ts de recharge pour les op\u00e9rateurs de flottes<\/strong><\/strong><\/h3>\n<p>Une solution de GDC garantit la recharge la plus efficace en distribuant l\u2019\u00e9nergie disponible de mani\u00e8re dynamique et en l\u2019\u00e9quilibrant entre les chargeurs de VE pr\u00e9sents sur votre site. Vous prot\u00e9gez votre r\u00e9seau \u00e9lectrique local sans avoir \u00e0 investir dans du mat\u00e9riel co\u00fbteux ou des mises \u00e0 niveau du r\u00e9seau. Gr\u00e2ce \u00e0 la r\u00e9partition de la puissance par ordre de priorit\u00e9, vous pouvez charger les v\u00e9hicules \u00e9lectriques en fonction de leurs itin\u00e9raires et vous vous assurez qu\u2019ils sont compl\u00e8tement charg\u00e9s \u00e0 l\u2019heure de leur prochain d\u00e9part.<\/p>\n<\/div>\n<\/div>\n<div class=\"wp-block-kadence-column kadence-column2960_e1f5e0-ad inner-column-2\">\n<div class=\"kt-inside-inner-col\">\n<div class=\"wp-block-image\">\n<figure class=\"aligncenter size-large is-resized\"><img loading=\"lazy\" decoding=\"async\" id=\"MTA0NjoxNzU1-1\" class=\"wp-image-12694 nitro-lazy aligncenter\" style=\"width: 512px; height: 512px;\" title=\"Rechage de VE pour les op\u00e9rateurs de flottes de v\u00e9hicules\" src=\"https:\/\/www.ampeco.com\/content\/uploads\/2022\/10\/dynamic-load-management-use-case-2-1024x1024.jpg\" sizes=\"(max-width: 1024px) 100vw, 1024px\" srcset=\"https:\/\/www.ampeco.com\/content\/uploads\/2022\/10\/dynamic-load-management-use-case-2-1024x1024.jpg 1024w, https:\/\/cdn-ikplpbh.nitrocdn.com\/xFcRTSYjBeGkdHkVakxokAsibqIDShRl\/assets\/images\/optimized\/rev-0e28879\/www.ampeco.com\/content\/uploads\/2022\/10\/dynamic-load-management-use-case-2-96x96.jpg 96w, https:\/\/cdn-ikplpbh.nitrocdn.com\/xFcRTSYjBeGkdHkVakxokAsibqIDShRl\/assets\/images\/optimized\/rev-0e28879\/www.ampeco.com\/content\/uploads\/2022\/10\/dynamic-load-management-use-case-2-150x150.jpg 150w, https:\/\/cdn-ikplpbh.nitrocdn.com\/xFcRTSYjBeGkdHkVakxokAsibqIDShRl\/assets\/images\/optimized\/rev-0e28879\/www.ampeco.com\/content\/uploads\/2022\/10\/dynamic-load-management-use-case-2-300x300.jpg 300w, https:\/\/cdn-ikplpbh.nitrocdn.com\/xFcRTSYjBeGkdHkVakxokAsibqIDShRl\/assets\/images\/optimized\/rev-0e28879\/www.ampeco.com\/content\/uploads\/2022\/10\/dynamic-load-management-use-case-2-768x768.jpg 768w, https:\/\/cdn-ikplpbh.nitrocdn.com\/xFcRTSYjBeGkdHkVakxokAsibqIDShRl\/assets\/images\/optimized\/rev-0e28879\/www.ampeco.com\/content\/uploads\/2022\/10\/dynamic-load-management-use-case-2-1536x1536.jpg 1536w, https:\/\/cdn-ikplpbh.nitrocdn.com\/xFcRTSYjBeGkdHkVakxokAsibqIDShRl\/assets\/images\/optimized\/rev-0e28879\/www.ampeco.com\/content\/uploads\/2022\/10\/dynamic-load-management-use-case-2-330x330.jpg 330w, https:\/\/cdn-ikplpbh.nitrocdn.com\/xFcRTSYjBeGkdHkVakxokAsibqIDShRl\/assets\/images\/optimized\/rev-0e28879\/www.ampeco.com\/content\/uploads\/2022\/10\/dynamic-load-management-use-case-2-660x660.jpg 660w, https:\/\/cdn-ikplpbh.nitrocdn.com\/xFcRTSYjBeGkdHkVakxokAsibqIDShRl\/assets\/images\/optimized\/rev-0e28879\/www.ampeco.com\/content\/uploads\/2022\/10\/dynamic-load-management-use-case-2-512x512.jpg 512w, https:\/\/cdn-ikplpbh.nitrocdn.com\/xFcRTSYjBeGkdHkVakxokAsibqIDShRl\/assets\/images\/optimized\/rev-0e28879\/www.ampeco.com\/content\/uploads\/2022\/10\/dynamic-load-management-use-case-2-600x600.jpg 600w, https:\/\/cdn-ikplpbh.nitrocdn.com\/xFcRTSYjBeGkdHkVakxokAsibqIDShRl\/assets\/images\/optimized\/rev-0e28879\/www.ampeco.com\/content\/uploads\/2022\/10\/dynamic-load-management-use-case-2-1200x1200.jpg 1200w, https:\/\/cdn-ikplpbh.nitrocdn.com\/xFcRTSYjBeGkdHkVakxokAsibqIDShRl\/assets\/images\/optimized\/rev-0e28879\/www.ampeco.com\/content\/uploads\/2022\/10\/dynamic-load-management-use-case-2-840x840.jpg 840w, https:\/\/cdn-ikplpbh.nitrocdn.com\/xFcRTSYjBeGkdHkVakxokAsibqIDShRl\/assets\/images\/optimized\/rev-0e28879\/www.ampeco.com\/content\/uploads\/2022\/10\/dynamic-load-management-use-case-2.jpg 1560w\" alt=\"Rechage de VE pour les op\u00e9rateurs de flottes de v\u00e9hicules\" width=\"1024\" height=\"1024\" \/><\/figure>\n<\/div>\n<\/div>\n<\/div>\n<\/div>\n<\/div>\n<\/div>\n<\/div>\n<div class=\"wp-block-kadence-tab kt-tab-inner-content kt-inner-tab-3 kt-inner-tab_8c2fc9-08\">\n<div class=\"kt-tab-inner-content-inner\">\n<div class=\"kb-row-layout-wrap kb-row-layout-id2960_66220a-43 alignnone wp-block-kadence-rowlayout\">\n<div class=\"kt-row-column-wrap kt-has-2-columns kt-row-layout-equal kt-tab-layout-inherit kt-mobile-layout-row kt-row-valign-top\">\n<div class=\"wp-block-kadence-column kadence-column2960_227522-a4 inner-column-1\">\n<div class=\"kt-inside-inner-col\">\n<h3 class=\"wp-block-heading\"><strong><strong>Immeubles de bureaux<\/strong><\/strong><\/h3>\n<p>Avec la GDC dans le Cloud, vous maintenez votre r\u00e9seau en s\u00e9curit\u00e9. En m\u00eame temps, vous pouvez proposer \u00e0 diff\u00e9rents locataires et m\u00eame aux employ\u00e9s de diff\u00e9rents locataires un acc\u00e8s prioritaire ou une structure des prix personnalis\u00e9e. De plus, en dehors des heures de travail, vous pouvez ouvrir votre infrastructure de recharge de VE \u00e0 un plus grand nombre de clients. Vous g\u00e9n\u00e9rez ainsi des revenus suppl\u00e9mentaires et augmentez le retour sur investissement.<\/p>\n<\/div>\n<\/div>\n<div class=\"wp-block-kadence-column kadence-column2960_bb4034-ab inner-column-2\">\n<div class=\"kt-inside-inner-col\">\n<div class=\"wp-block-image\">\n<figure class=\"aligncenter size-large is-resized\"><img loading=\"lazy\" decoding=\"async\" id=\"MTA2NToxNzEy-1\" class=\"wp-image-12695 nitro-lazy aligncenter\" style=\"width: 512px; height: 512px;\" title=\"Recharge de VE sur le lieu de travail\" src=\"https:\/\/www.ampeco.com\/content\/uploads\/2022\/10\/dynamic-load-management-use-case-3-1024x1024.jpg\" sizes=\"(max-width: 1024px) 100vw, 1024px\" srcset=\"https:\/\/www.ampeco.com\/content\/uploads\/2022\/10\/dynamic-load-management-use-case-3-1024x1024.jpg 1024w, https:\/\/cdn-ikplpbh.nitrocdn.com\/xFcRTSYjBeGkdHkVakxokAsibqIDShRl\/assets\/images\/optimized\/rev-0e28879\/www.ampeco.com\/content\/uploads\/2022\/10\/dynamic-load-management-use-case-3-96x96.jpg 96w, https:\/\/cdn-ikplpbh.nitrocdn.com\/xFcRTSYjBeGkdHkVakxokAsibqIDShRl\/assets\/images\/optimized\/rev-0e28879\/www.ampeco.com\/content\/uploads\/2022\/10\/dynamic-load-management-use-case-3-150x150.jpg 150w, https:\/\/cdn-ikplpbh.nitrocdn.com\/xFcRTSYjBeGkdHkVakxokAsibqIDShRl\/assets\/images\/optimized\/rev-0e28879\/www.ampeco.com\/content\/uploads\/2022\/10\/dynamic-load-management-use-case-3-300x300.jpg 300w, https:\/\/cdn-ikplpbh.nitrocdn.com\/xFcRTSYjBeGkdHkVakxokAsibqIDShRl\/assets\/images\/optimized\/rev-0e28879\/www.ampeco.com\/content\/uploads\/2022\/10\/dynamic-load-management-use-case-3-768x768.jpg 768w, https:\/\/cdn-ikplpbh.nitrocdn.com\/xFcRTSYjBeGkdHkVakxokAsibqIDShRl\/assets\/images\/optimized\/rev-0e28879\/www.ampeco.com\/content\/uploads\/2022\/10\/dynamic-load-management-use-case-3-1536x1536.jpg 1536w, https:\/\/cdn-ikplpbh.nitrocdn.com\/xFcRTSYjBeGkdHkVakxokAsibqIDShRl\/assets\/images\/optimized\/rev-0e28879\/www.ampeco.com\/content\/uploads\/2022\/10\/dynamic-load-management-use-case-3-330x330.jpg 330w, https:\/\/cdn-ikplpbh.nitrocdn.com\/xFcRTSYjBeGkdHkVakxokAsibqIDShRl\/assets\/images\/optimized\/rev-0e28879\/www.ampeco.com\/content\/uploads\/2022\/10\/dynamic-load-management-use-case-3-660x660.jpg 660w, https:\/\/cdn-ikplpbh.nitrocdn.com\/xFcRTSYjBeGkdHkVakxokAsibqIDShRl\/assets\/images\/optimized\/rev-0e28879\/www.ampeco.com\/content\/uploads\/2022\/10\/dynamic-load-management-use-case-3-512x512.jpg 512w, https:\/\/cdn-ikplpbh.nitrocdn.com\/xFcRTSYjBeGkdHkVakxokAsibqIDShRl\/assets\/images\/optimized\/rev-0e28879\/www.ampeco.com\/content\/uploads\/2022\/10\/dynamic-load-management-use-case-3-600x600.jpg 600w, https:\/\/cdn-ikplpbh.nitrocdn.com\/xFcRTSYjBeGkdHkVakxokAsibqIDShRl\/assets\/images\/optimized\/rev-0e28879\/www.ampeco.com\/content\/uploads\/2022\/10\/dynamic-load-management-use-case-3-1200x1200.jpg 1200w, https:\/\/cdn-ikplpbh.nitrocdn.com\/xFcRTSYjBeGkdHkVakxokAsibqIDShRl\/assets\/images\/optimized\/rev-0e28879\/www.ampeco.com\/content\/uploads\/2022\/10\/dynamic-load-management-use-case-3-840x840.jpg 840w, https:\/\/cdn-ikplpbh.nitrocdn.com\/xFcRTSYjBeGkdHkVakxokAsibqIDShRl\/assets\/images\/optimized\/rev-0e28879\/www.ampeco.com\/content\/uploads\/2022\/10\/dynamic-load-management-use-case-3.jpg 1560w\" alt=\"Recharge de VE sur le lieu de travail \" width=\"1024\" height=\"1024\" \/><\/figure>\n<\/div>\n<\/div>\n<\/div>\n<\/div>\n<\/div>\n<\/div>\n<\/div>\n<div class=\"wp-block-kadence-tab kt-tab-inner-content kt-inner-tab-4 kt-inner-tab_11959c-72\">\n<div class=\"kt-tab-inner-content-inner\">\n<div class=\"kb-row-layout-wrap kb-row-layout-id2960_111fe3-b7 alignnone wp-block-kadence-rowlayout\">\n<div class=\"kt-row-column-wrap kt-has-2-columns kt-row-layout-equal kt-tab-layout-inherit kt-mobile-layout-row kt-row-valign-top\">\n<div class=\"wp-block-kadence-column kadence-column2960_4f3342-fd inner-column-1\">\n<div class=\"kt-inside-inner-col\">\n<h3 class=\"wp-block-heading\"><strong><strong>Commerces et Parkings<\/strong><\/strong><\/h3>\n<p>Avec une solution logicielle de gestion dynamique de la charge, vous pouvez mettre en place des limites de puissance plus basses pendant la journ\u00e9e et ainsi pr\u00e9server la s\u00e9curit\u00e9 de votre r\u00e9seau. En m\u00eame temps, vous pouvez offrir \u00e0 vos clients r\u00e9guliers un acc\u00e8s prioritaire et les inciter \u00e0 faire leurs achats ou \u00e0 se garer chez vous. En dehors des heures de travail, vous pouvez augmenter les limites de puissance et proposer votre infrastructure de recharge pour VE \u00e0 un plus grand nombre de clients. Vous g\u00e9n\u00e9rez ainsi des revenus suppl\u00e9mentaires et augmentez le retour sur investissement.<\/p>\n<\/div>\n<\/div>\n<div class=\"wp-block-kadence-column kadence-column2960_a9ea44-30 inner-column-2\">\n<div class=\"kt-inside-inner-col\">\n<div class=\"wp-block-image\">\n<figure class=\"aligncenter size-large is-resized\"><img loading=\"lazy\" decoding=\"async\" id=\"MTA4NDoxNzQx-1\" class=\"wp-image-12696 nitro-lazy aligncenter\" style=\"width: 512px; height: 512px;\" title=\"Recharge de VE pour infrastructures de stationnement\" src=\"https:\/\/www.ampeco.com\/content\/uploads\/2022\/10\/dynamic-load-management-use-case-4-1024x1024.jpg\" sizes=\"(max-width: 1024px) 100vw, 1024px\" srcset=\"https:\/\/www.ampeco.com\/content\/uploads\/2022\/10\/dynamic-load-management-use-case-4-1024x1024.jpg 1024w, https:\/\/cdn-ikplpbh.nitrocdn.com\/xFcRTSYjBeGkdHkVakxokAsibqIDShRl\/assets\/images\/optimized\/rev-0e28879\/www.ampeco.com\/content\/uploads\/2022\/10\/dynamic-load-management-use-case-4-96x96.jpg 96w, https:\/\/cdn-ikplpbh.nitrocdn.com\/xFcRTSYjBeGkdHkVakxokAsibqIDShRl\/assets\/images\/optimized\/rev-0e28879\/www.ampeco.com\/content\/uploads\/2022\/10\/dynamic-load-management-use-case-4-150x150.jpg 150w, https:\/\/cdn-ikplpbh.nitrocdn.com\/xFcRTSYjBeGkdHkVakxokAsibqIDShRl\/assets\/images\/optimized\/rev-0e28879\/www.ampeco.com\/content\/uploads\/2022\/10\/dynamic-load-management-use-case-4-300x300.jpg 300w, https:\/\/cdn-ikplpbh.nitrocdn.com\/xFcRTSYjBeGkdHkVakxokAsibqIDShRl\/assets\/images\/optimized\/rev-0e28879\/www.ampeco.com\/content\/uploads\/2022\/10\/dynamic-load-management-use-case-4-768x768.jpg 768w, https:\/\/cdn-ikplpbh.nitrocdn.com\/xFcRTSYjBeGkdHkVakxokAsibqIDShRl\/assets\/images\/optimized\/rev-0e28879\/www.ampeco.com\/content\/uploads\/2022\/10\/dynamic-load-management-use-case-4-1536x1536.jpg 1536w, https:\/\/cdn-ikplpbh.nitrocdn.com\/xFcRTSYjBeGkdHkVakxokAsibqIDShRl\/assets\/images\/optimized\/rev-0e28879\/www.ampeco.com\/content\/uploads\/2022\/10\/dynamic-load-management-use-case-4-330x330.jpg 330w, https:\/\/cdn-ikplpbh.nitrocdn.com\/xFcRTSYjBeGkdHkVakxokAsibqIDShRl\/assets\/images\/optimized\/rev-0e28879\/www.ampeco.com\/content\/uploads\/2022\/10\/dynamic-load-management-use-case-4-660x660.jpg 660w, https:\/\/cdn-ikplpbh.nitrocdn.com\/xFcRTSYjBeGkdHkVakxokAsibqIDShRl\/assets\/images\/optimized\/rev-0e28879\/www.ampeco.com\/content\/uploads\/2022\/10\/dynamic-load-management-use-case-4-512x512.jpg 512w, https:\/\/cdn-ikplpbh.nitrocdn.com\/xFcRTSYjBeGkdHkVakxokAsibqIDShRl\/assets\/images\/optimized\/rev-0e28879\/www.ampeco.com\/content\/uploads\/2022\/10\/dynamic-load-management-use-case-4-600x600.jpg 600w, https:\/\/cdn-ikplpbh.nitrocdn.com\/xFcRTSYjBeGkdHkVakxokAsibqIDShRl\/assets\/images\/optimized\/rev-0e28879\/www.ampeco.com\/content\/uploads\/2022\/10\/dynamic-load-management-use-case-4-1200x1200.jpg 1200w, https:\/\/cdn-ikplpbh.nitrocdn.com\/xFcRTSYjBeGkdHkVakxokAsibqIDShRl\/assets\/images\/optimized\/rev-0e28879\/www.ampeco.com\/content\/uploads\/2022\/10\/dynamic-load-management-use-case-4-840x840.jpg 840w, https:\/\/cdn-ikplpbh.nitrocdn.com\/xFcRTSYjBeGkdHkVakxokAsibqIDShRl\/assets\/images\/optimized\/rev-0e28879\/www.ampeco.com\/content\/uploads\/2022\/10\/dynamic-load-management-use-case-4.jpg 1560w\" alt=\"Recharge de VE pour infrastructures de stationnement\" width=\"1024\" height=\"1024\" \/><\/figure>\n<\/div>\n<\/div>\n<\/div>\n<\/div>\n<\/div>\n<\/div>\n<\/div>\n<\/div>\n<\/div>\n<\/div>\n<\/div>\n<\/div>\n<div class=\"wp-block-group is-style-section-nds has-background\" style=\"background-color: #f8fcff;\">\n<div class=\"wp-block-group__inner-container is-layout-flow wp-block-group-is-layout-flow\">\n<h2 id=\"resources\" class=\"wp-block-heading has-text-align-center\"><strong>Lecture connexe<\/strong><\/h2>\n<div id=\"resources-block_eaf1b4de1ecf6c80af974939b2a0e369\" class=\"block-resources\">\n<div class=\"column_left\">\n<div class=\"post_image\"><a href=\"https:\/\/www.ampeco.com\/blog\/increase-roi-with-dynamic-load-management\/\" target=\"_blank\" rel=\"noopener\"><img loading=\"lazy\" decoding=\"async\" id=\"MTEwNToxNDk4-1\" class=\"attachment-image-512 size-image-512 wp-post-image nitro-lazy aligncenter\" title=\"dynamic load management software solution\" src=\"https:\/\/cdn-ikplpbh.nitrocdn.com\/xFcRTSYjBeGkdHkVakxokAsibqIDShRl\/assets\/images\/optimized\/rev-0e28879\/www.ampeco.com\/content\/uploads\/2021\/06\/dynamic-load-management-software-solution-logo-512x269.png\" sizes=\"(max-width: 512px) 100vw, 512px\" srcset=\"https:\/\/cdn-ikplpbh.nitrocdn.com\/xFcRTSYjBeGkdHkVakxokAsibqIDShRl\/assets\/images\/optimized\/rev-0e28879\/www.ampeco.com\/content\/uploads\/2021\/06\/dynamic-load-management-software-solution-logo-512x269.png 512w, https:\/\/cdn-ikplpbh.nitrocdn.com\/xFcRTSYjBeGkdHkVakxokAsibqIDShRl\/assets\/images\/optimized\/rev-0e28879\/www.ampeco.com\/content\/uploads\/2021\/06\/dynamic-load-management-software-solution-logo-300x158.png 300w, https:\/\/cdn-ikplpbh.nitrocdn.com\/xFcRTSYjBeGkdHkVakxokAsibqIDShRl\/assets\/images\/optimized\/rev-0e28879\/www.ampeco.com\/content\/uploads\/2021\/06\/dynamic-load-management-software-solution-logo-768x403.png 768w, https:\/\/cdn-ikplpbh.nitrocdn.com\/xFcRTSYjBeGkdHkVakxokAsibqIDShRl\/assets\/images\/optimized\/rev-0e28879\/www.ampeco.com\/content\/uploads\/2021\/06\/dynamic-load-management-software-solution-logo-1024x538.png 1024w, https:\/\/cdn-ikplpbh.nitrocdn.com\/xFcRTSYjBeGkdHkVakxokAsibqIDShRl\/assets\/images\/optimized\/rev-0e28879\/www.ampeco.com\/content\/uploads\/2021\/06\/dynamic-load-management-software-solution-logo-96x50.png 96w, https:\/\/cdn-ikplpbh.nitrocdn.com\/xFcRTSYjBeGkdHkVakxokAsibqIDShRl\/assets\/images\/optimized\/rev-0e28879\/www.ampeco.com\/content\/uploads\/2021\/06\/dynamic-load-management-software-solution-logo-330x173.png 330w, https:\/\/cdn-ikplpbh.nitrocdn.com\/xFcRTSYjBeGkdHkVakxokAsibqIDShRl\/assets\/images\/optimized\/rev-0e28879\/www.ampeco.com\/content\/uploads\/2021\/06\/dynamic-load-management-software-solution-logo-660x347.png 660w, https:\/\/cdn-ikplpbh.nitrocdn.com\/xFcRTSYjBeGkdHkVakxokAsibqIDShRl\/assets\/images\/optimized\/rev-0e28879\/www.ampeco.com\/content\/uploads\/2021\/06\/dynamic-load-management-software-solution-logo-600x315.png 600w, https:\/\/cdn-ikplpbh.nitrocdn.com\/xFcRTSYjBeGkdHkVakxokAsibqIDShRl\/assets\/images\/optimized\/rev-0e28879\/www.ampeco.com\/content\/uploads\/2021\/06\/dynamic-load-management-software-solution-logo-840x441.png 840w, https:\/\/cdn-ikplpbh.nitrocdn.com\/xFcRTSYjBeGkdHkVakxokAsibqIDShRl\/assets\/images\/optimized\/rev-0e28879\/www.ampeco.com\/content\/uploads\/2021\/06\/dynamic-load-management-software-solution-logo.png 1200w\" alt=\"dynamic load management software solution\" width=\"512\" height=\"269\" \/> <\/a><\/div>\n<div class=\"post_content\">\n<h3>Dynamic Load Management \u2013 3 steps to increase the ROI of your EV charging projects<\/h3>\n<\/div>\n<div class=\"post_image\"><a href=\"https:\/\/www.ampeco.com\/blog\/sustainable-business-models-for-ev-charging\/\" target=\"_blank\" rel=\"noopener\"><img loading=\"lazy\" decoding=\"async\" id=\"MTEyMDoyNDgw-1\" class=\"attachment-image-512 size-image-512 wp-post-image nitro-lazy aligncenter\" title=\"Sustainable Business Models for EV Charging \u2013 what are the ingredients? - Last week, Eurelectric's EVision 2022 brought together e-mobility players from across the private, public, and power sectors for a two-day event dedicated to exploring the challenges and opportunities in accelerating transport electrification.Orlin Radev, founder and CEO of AMPECO, took part in a panel discussion on the role businesses play in accelerating the transition to e-mobility alongside Fiona Howarth, CEO at Octopus Electric Vehicles, and Brian Palmer, Head of Public Policy at EU Last Mile, Amazon.\" src=\"https:\/\/cdn-ikplpbh.nitrocdn.com\/xFcRTSYjBeGkdHkVakxokAsibqIDShRl\/assets\/images\/optimized\/rev-0e28879\/www.ampeco.com\/content\/uploads\/2022\/02\/evision-2022-orlin-radev-as-panelsit-512x268.png\" sizes=\"(max-width: 512px) 100vw, 512px\" srcset=\"https:\/\/cdn-ikplpbh.nitrocdn.com\/xFcRTSYjBeGkdHkVakxokAsibqIDShRl\/assets\/images\/optimized\/rev-0e28879\/www.ampeco.com\/content\/uploads\/2022\/02\/evision-2022-orlin-radev-as-panelsit-512x268.png 512w, https:\/\/cdn-ikplpbh.nitrocdn.com\/xFcRTSYjBeGkdHkVakxokAsibqIDShRl\/assets\/images\/optimized\/rev-0e28879\/www.ampeco.com\/content\/uploads\/2022\/02\/evision-2022-orlin-radev-as-panelsit-96x50.png 96w, https:\/\/cdn-ikplpbh.nitrocdn.com\/xFcRTSYjBeGkdHkVakxokAsibqIDShRl\/assets\/images\/optimized\/rev-0e28879\/www.ampeco.com\/content\/uploads\/2022\/02\/evision-2022-orlin-radev-as-panelsit-300x157.png 300w, https:\/\/cdn-ikplpbh.nitrocdn.com\/xFcRTSYjBeGkdHkVakxokAsibqIDShRl\/assets\/images\/optimized\/rev-0e28879\/www.ampeco.com\/content\/uploads\/2022\/02\/evision-2022-orlin-radev-as-panelsit-768x402.png 768w, https:\/\/cdn-ikplpbh.nitrocdn.com\/xFcRTSYjBeGkdHkVakxokAsibqIDShRl\/assets\/images\/optimized\/rev-0e28879\/www.ampeco.com\/content\/uploads\/2022\/02\/evision-2022-orlin-radev-as-panelsit-1024x536.png 1024w, https:\/\/cdn-ikplpbh.nitrocdn.com\/xFcRTSYjBeGkdHkVakxokAsibqIDShRl\/assets\/images\/optimized\/rev-0e28879\/www.ampeco.com\/content\/uploads\/2022\/02\/evision-2022-orlin-radev-as-panelsit-330x173.png 330w, https:\/\/cdn-ikplpbh.nitrocdn.com\/xFcRTSYjBeGkdHkVakxokAsibqIDShRl\/assets\/images\/optimized\/rev-0e28879\/www.ampeco.com\/content\/uploads\/2022\/02\/evision-2022-orlin-radev-as-panelsit-660x345.png 660w, https:\/\/cdn-ikplpbh.nitrocdn.com\/xFcRTSYjBeGkdHkVakxokAsibqIDShRl\/assets\/images\/optimized\/rev-0e28879\/www.ampeco.com\/content\/uploads\/2022\/02\/evision-2022-orlin-radev-as-panelsit-600x314.png 600w, https:\/\/cdn-ikplpbh.nitrocdn.com\/xFcRTSYjBeGkdHkVakxokAsibqIDShRl\/assets\/images\/optimized\/rev-0e28879\/www.ampeco.com\/content\/uploads\/2022\/02\/evision-2022-orlin-radev-as-panelsit-840x440.png 840w, https:\/\/cdn-ikplpbh.nitrocdn.com\/xFcRTSYjBeGkdHkVakxokAsibqIDShRl\/assets\/images\/optimized\/rev-0e28879\/www.ampeco.com\/content\/uploads\/2022\/02\/evision-2022-orlin-radev-as-panelsit.png 1200w\" alt=\"Sustainable Business Models for EV Charging \u2013 what are the ingredients? - Last week, Eurelectric's EVision 2022 brought together e-mobility players from across the private, public, and power sectors for a two-day event dedicated to exploring the challenges and opportunities in accelerating transport electrification.Orlin Radev, founder and CEO of AMPECO, took part in a panel discussion on the role businesses play in accelerating the transition to e-mobility alongside Fiona Howarth, CEO at Octopus Electric Vehicles, and Brian Palmer, Head of Public Policy at EU Last Mile, Amazon.\" width=\"512\" height=\"268\" \/> <\/a><\/div>\n<div class=\"post_content\">\n<h3>Sustainable Business Models for EV Charging \u2013 what are the ingredients?<\/h3>\n<\/div>\n<div class=\"post_image\"><img loading=\"lazy\" decoding=\"async\" id=\"MTEzNToxNTgy-1\" class=\"attachment-image-512 size-image-512 wp-post-image nitro-lazy aligncenter\" title=\"Maximize ev charging network reliability remote management and maintenance software\" src=\"https:\/\/cdn-ikplpbh.nitrocdn.com\/xFcRTSYjBeGkdHkVakxokAsibqIDShRl\/assets\/images\/optimized\/rev-0e28879\/www.ampeco.com\/content\/uploads\/2022\/08\/Remote-Management-and-Maintenance-without-Logo-512x269.png\" sizes=\"(max-width: 512px) 100vw, 512px\" srcset=\"https:\/\/cdn-ikplpbh.nitrocdn.com\/xFcRTSYjBeGkdHkVakxokAsibqIDShRl\/assets\/images\/optimized\/rev-0e28879\/www.ampeco.com\/content\/uploads\/2022\/08\/Remote-Management-and-Maintenance-without-Logo-512x269.png 512w, https:\/\/cdn-ikplpbh.nitrocdn.com\/xFcRTSYjBeGkdHkVakxokAsibqIDShRl\/assets\/images\/optimized\/rev-0e28879\/www.ampeco.com\/content\/uploads\/2022\/08\/Remote-Management-and-Maintenance-without-Logo-300x158.png 300w, https:\/\/cdn-ikplpbh.nitrocdn.com\/xFcRTSYjBeGkdHkVakxokAsibqIDShRl\/assets\/images\/optimized\/rev-0e28879\/www.ampeco.com\/content\/uploads\/2022\/08\/Remote-Management-and-Maintenance-without-Logo-768x403.png 768w, https:\/\/cdn-ikplpbh.nitrocdn.com\/xFcRTSYjBeGkdHkVakxokAsibqIDShRl\/assets\/images\/optimized\/rev-0e28879\/www.ampeco.com\/content\/uploads\/2022\/08\/Remote-Management-and-Maintenance-without-Logo-1024x538.png 1024w, https:\/\/cdn-ikplpbh.nitrocdn.com\/xFcRTSYjBeGkdHkVakxokAsibqIDShRl\/assets\/images\/optimized\/rev-0e28879\/www.ampeco.com\/content\/uploads\/2022\/08\/Remote-Management-and-Maintenance-without-Logo-96x50.png 96w, https:\/\/cdn-ikplpbh.nitrocdn.com\/xFcRTSYjBeGkdHkVakxokAsibqIDShRl\/assets\/images\/optimized\/rev-0e28879\/www.ampeco.com\/content\/uploads\/2022\/08\/Remote-Management-and-Maintenance-without-Logo-330x173.png 330w, https:\/\/cdn-ikplpbh.nitrocdn.com\/xFcRTSYjBeGkdHkVakxokAsibqIDShRl\/assets\/images\/optimized\/rev-0e28879\/www.ampeco.com\/content\/uploads\/2022\/08\/Remote-Management-and-Maintenance-without-Logo-660x347.png 660w, https:\/\/cdn-ikplpbh.nitrocdn.com\/xFcRTSYjBeGkdHkVakxokAsibqIDShRl\/assets\/images\/optimized\/rev-0e28879\/www.ampeco.com\/content\/uploads\/2022\/08\/Remote-Management-and-Maintenance-without-Logo-600x315.png 600w, https:\/\/cdn-ikplpbh.nitrocdn.com\/xFcRTSYjBeGkdHkVakxokAsibqIDShRl\/assets\/images\/optimized\/rev-0e28879\/www.ampeco.com\/content\/uploads\/2022\/08\/Remote-Management-and-Maintenance-without-Logo-840x441.png 840w, https:\/\/cdn-ikplpbh.nitrocdn.com\/xFcRTSYjBeGkdHkVakxokAsibqIDShRl\/assets\/images\/optimized\/rev-0e28879\/www.ampeco.com\/content\/uploads\/2022\/08\/Remote-Management-and-Maintenance-without-Logo.png 1200w\" alt=\"Maximize ev charging network reliability remote management and maintenance software\" width=\"512\" height=\"269\" \/><\/div>\n<div class=\"post_content\">\n<p>&nbsp;<\/p>\n<h3>Maximize your EV charging network\u2019s reliability with these 4 features<\/h3>\n<\/div>\n<\/div>\n<div class=\"column_right\">\n<p><a class=\"viewmore\" href=\"\/blog\/\">Voir Plus<\/a><\/p>\n<\/div>\n<\/div>\n<\/div>\n<\/div>\n<div class=\"wp-block-group is-style-section-nds\">\n<div class=\"wp-block-group__inner-container is-layout-flow wp-block-group-is-layout-flow\">\n<h2 class=\"wp-block-heading has-text-align-center\">D\u00e9couvrir l\u2019industrie<\/h2>\n<p class=\"has-text-align-center is-style-default\">S\u00e9lection de ressources utiles des experts du secteur.<\/p>\n<div class=\"kb-row-layout-wrap kb-row-layout-id2960_fa9c28-24 alignnone wp-block-kadence-rowlayout\">\n<div class=\"kt-row-column-wrap kt-has-2-columns kt-row-layout-equal kt-tab-layout-inherit kt-mobile-layout-row kt-row-valign-top\">\n<div class=\"wp-block-kadence-column kadence-column2960_a5e7ae-5a inner-column-1\">\n<div class=\"kt-inside-inner-col\">\n<div class=\"wp-block-group ebook-cont\">\n<div class=\"wp-block-group__inner-container is-layout-flow wp-block-group-is-layout-flow\">\n<h2 class=\"wp-block-heading has-text-align-center has-l-font-size\">Les 10 indispensables pour votre logiciel de supervision de recharge<\/h2>\n<p class=\"has-text-align-center is-style-font-weight-normal\">D\u00e9couvrez en d\u00e9tail les fonctionnalit\u00e9s essentielles du logiciel et la mani\u00e8re dont vous pouvez couvrir toutes les strat\u00e9gies de recharge des v\u00e9hicules \u00e9lectriques \u00e0 partir d\u2019une seule plateforme. Prenez d\u00e8s \u00e0 pr\u00e9sent connaissance de ce document pour vous donner les moyens de r\u00e9ussir.<\/p>\n<\/div>\n<\/div>\n<\/div>\n<\/div>\n<div class=\"wp-block-kadence-column kadence-column2960_52fed2-b7 inner-column-2\">\n<div class=\"kt-inside-inner-col\">\n<div class=\"wp-block-group ebook-cont\">\n<div class=\"wp-block-group__inner-container is-layout-flow wp-block-group-is-layout-flow\">\n<h3 class=\"wp-block-heading has-text-align-center has-l-font-size\">Vue d\u2019ensemble de la Plateforme WATTSC<\/h3>\n<p class=\"has-text-align-center is-style-font-weight-normal\">D\u00e9couvrez comment g\u00e9rer un r\u00e9seau de recharge de v\u00e9hicules \u00e9lectriques fiable et rentable en utilisant les fonctionnalit\u00e9s du logiciel de recharge de la plateforme WATTSC.<\/p>\n<\/div>\n<\/div>\n<\/div>\n<\/div>\n<\/div>\n<\/div>\n<\/div>\n<\/div>\n<div class=\"wp-block-group is-style-section-nds has-lightbluebg-background-color has-background\">\n<div class=\"wp-block-group__inner-container is-layout-flow wp-block-group-is-layout-flow\">\n<h3 class=\"wp-block-heading has-text-align-center reveal\">Toutes les fonctionnalit\u00e9s dont vous avez besoin pour lancer et g\u00e9rer<br \/>\nvotre activit\u00e9 de recharge de VE<\/h3>\n<div id=\"iconsgrid-block_5129ae3bc9a761cb8f5290fb0f411c4f\" class=\"block-iconsgrid\">\n<ul class=\"features_icons_grid\">\n<li><a href=\"https:\/\/www.ampeco.com\/fr\/plateforme-de-supervision-de-recharge\/logiciel-de-recharge-de-ve-en-marque-blanche\/\" target=\"_blank\" rel=\"noopener\"><br \/>\n<\/a><\/p>\n<div class=\"fi_item_wrap\">\n<div class=\"fi_item_icon\"><img loading=\"lazy\" decoding=\"async\" id=\"MTI1MzozNjI=-1\" class=\"attachment-full size-full nitro-lazy\" title=\"\" src=\"https:\/\/cdn-ikplpbh.nitrocdn.com\/xFcRTSYjBeGkdHkVakxokAsibqIDShRl\/assets\/images\/source\/rev-0e28879\/www.ampeco.com\/content\/uploads\/2022\/10\/white_label.svg\" alt=\"Gestion Dynamique de la Charge - La Gestion Dynamique de la Charge d'AMPECO rajoute une dimension de gestion de la r\u00e9partition de la puissance \u00e9lectrique.\" width=\"39\" height=\"39\" \/><\/div>\n<div class=\"fi_item_title\">\n<h5>Marque Blanche<\/h5>\n<\/div>\n<\/div>\n<p>&nbsp;<\/li>\n<li><a href=\"https:\/\/www.ampeco.com\/fr\/plateforme-de-supervision-de-recharge\/paiements-et-facturation\/\" target=\"_blank\" rel=\"noopener\"><br \/>\n<\/a><\/p>\n<div class=\"fi_item_wrap\">\n<div class=\"fi_item_icon\"><img loading=\"lazy\" decoding=\"async\" id=\"MTI2NDozNTg=-1\" class=\"attachment-full size-full nitro-lazy\" title=\"\" src=\"https:\/\/cdn-ikplpbh.nitrocdn.com\/xFcRTSYjBeGkdHkVakxokAsibqIDShRl\/assets\/images\/source\/rev-0e28879\/www.ampeco.com\/content\/uploads\/2022\/10\/Invoice.svg\" alt=\"Gestion Dynamique de la Charge - La Gestion Dynamique de la Charge d'AMPECO rajoute une dimension de gestion de la r\u00e9partition de la puissance \u00e9lectrique.\" width=\"34\" height=\"38\" \/><\/div>\n<div class=\"fi_item_title\">\n<h5>Paiements &amp; Facturation<\/h5>\n<\/div>\n<\/div>\n<p>&nbsp;<\/li>\n<li><a href=\"\/fr\/plateforme-de-supervision-de-recharge\/independant-equipement\/\"><br \/>\n<\/a><\/p>\n<div class=\"fi_item_wrap\">\n<div class=\"fi_item_icon\"><img loading=\"lazy\" decoding=\"async\" id=\"MTI3NTozNjg=-1\" class=\"attachment-full size-full nitro-lazy\" title=\"\" src=\"https:\/\/cdn-ikplpbh.nitrocdn.com\/xFcRTSYjBeGkdHkVakxokAsibqIDShRl\/assets\/images\/source\/rev-0e28879\/www.ampeco.com\/content\/uploads\/2022\/10\/hardware_agnostic.svg\" alt=\"Gestion Dynamique de la Charge - La Gestion Dynamique de la Charge d'AMPECO rajoute une dimension de gestion de la r\u00e9partition de la puissance \u00e9lectrique.\" width=\"32\" height=\"38\" \/><\/div>\n<div class=\"fi_item_title\">\n<h5>Ind\u00e9pendant du mat\u00e9riel<\/h5>\n<\/div>\n<\/div>\n<p>&nbsp;<\/li>\n<li><a href=\"https:\/\/www.ampeco.com\/fr\/api\/\" target=\"_blank\" rel=\"noopener\"><br \/>\n<\/a><\/p>\n<div class=\"fi_item_wrap\">\n<div class=\"fi_item_icon\"><img loading=\"lazy\" decoding=\"async\" id=\"MTI4NjozNTk=-1\" class=\"attachment-full size-full nitro-lazy\" title=\"\" src=\"https:\/\/cdn-ikplpbh.nitrocdn.com\/xFcRTSYjBeGkdHkVakxokAsibqIDShRl\/assets\/images\/source\/rev-0e28879\/www.ampeco.com\/content\/uploads\/2022\/10\/settings.svg\" alt=\"Gestion Dynamique de la Charge - La Gestion Dynamique de la Charge d'AMPECO rajoute une dimension de gestion de la r\u00e9partition de la puissance \u00e9lectrique.\" width=\"41\" height=\"41\" \/><\/div>\n<div class=\"fi_item_title\">\n<h5>API de WATTSC<\/h5>\n<\/div>\n<\/div>\n<p>&nbsp;<\/li>\n<li><a href=\"https:\/\/www.ampeco.com\/ev-charging-platform\/ev-roaming\/\" target=\"_blank\" rel=\"noopener\"><br \/>\n<\/a><\/p>\n<div class=\"fi_item_wrap\">\n<div class=\"fi_item_icon\"><img loading=\"lazy\" decoding=\"async\" id=\"MTI5NzozNjE=-1\" class=\"attachment-full size-full nitro-lazy\" title=\"\" src=\"https:\/\/cdn-ikplpbh.nitrocdn.com\/xFcRTSYjBeGkdHkVakxokAsibqIDShRl\/assets\/images\/source\/rev-0e28879\/www.ampeco.com\/content\/uploads\/2022\/10\/ev_roaming.svg\" alt=\"Gestion Dynamique de la Charge - La Gestion Dynamique de la Charge d'AMPECO rajoute une dimension de gestion de la r\u00e9partition de la puissance \u00e9lectrique.\" width=\"46\" height=\"46\" \/><\/div>\n<div class=\"fi_item_title\">\n<h5>Itin\u00e9rance de la recharge des VE<\/h5>\n<\/div>\n<\/div>\n<p>&nbsp;<\/li>\n<li><a href=\"https:\/\/www.ampeco.com\/fr\/gestion-dynamique-de-la-charge\/\" target=\"_blank\" rel=\"noopener\"><br \/>\n<\/a><\/p>\n<div class=\"fi_item_wrap\">\n<div class=\"fi_item_icon\"><img loading=\"lazy\" decoding=\"async\" id=\"MTMwODozNzQ=-1\" class=\"attachment-full size-full nitro-lazy\" title=\"\" src=\"https:\/\/cdn-ikplpbh.nitrocdn.com\/xFcRTSYjBeGkdHkVakxokAsibqIDShRl\/assets\/images\/source\/rev-0e28879\/www.ampeco.com\/content\/uploads\/2022\/10\/dynamic_load_management.svg\" alt=\"Gestion Dynamique de la Charge - La Gestion Dynamique de la Charge d'AMPECO rajoute une dimension de gestion de la r\u00e9partition de la puissance \u00e9lectrique.\" width=\"38\" height=\"38\" \/><\/div>\n<div class=\"fi_item_title\">\n<h5>Gestion Dynamique de la Charge<\/h5>\n<\/div>\n<\/div>\n<p>&nbsp;<\/li>\n<li><a href=\"https:\/\/www.ampeco.com\/fr\/plateforme-de-supervision-de-recharge\/plans-et-tarifs\/\" target=\"_blank\" rel=\"noopener\"><br \/>\n<\/a><\/p>\n<div class=\"fi_item_wrap\">\n<div class=\"fi_item_icon\"><img loading=\"lazy\" decoding=\"async\" id=\"MTMxOTozNTY=-1\" class=\"attachment-full size-full nitro-lazy\" title=\"\" src=\"https:\/\/cdn-ikplpbh.nitrocdn.com\/xFcRTSYjBeGkdHkVakxokAsibqIDShRl\/assets\/images\/source\/rev-0e28879\/www.ampeco.com\/content\/uploads\/2022\/10\/plans.svg\" alt=\"Gestion Dynamique de la Charge - La Gestion Dynamique de la Charge d'AMPECO rajoute une dimension de gestion de la r\u00e9partition de la puissance \u00e9lectrique.\" width=\"37\" height=\"40\" \/><\/div>\n<div class=\"fi_item_title\">\n<h5>Plans &amp; Tarifs<\/h5>\n<\/div>\n<\/div>\n<p>&nbsp;<\/li>\n<li><a href=\"\/ev-charging-platform\/b2b-partner-management\/\"><br \/>\n<\/a><\/p>\n<div class=\"fi_item_wrap\">\n<div class=\"fi_item_icon\"><img loading=\"lazy\" decoding=\"async\" id=\"MTMzMDozNzA=-1\" class=\"attachment-full size-full nitro-lazy\" title=\"\" src=\"https:\/\/cdn-ikplpbh.nitrocdn.com\/xFcRTSYjBeGkdHkVakxokAsibqIDShRl\/assets\/images\/source\/rev-0e28879\/www.ampeco.com\/content\/uploads\/2022\/10\/customer_management.svg\" alt=\"Gestion Dynamique de la Charge - La Gestion Dynamique de la Charge d'AMPECO rajoute une dimension de gestion de la r\u00e9partition de la puissance \u00e9lectrique.\" width=\"48\" height=\"48\" \/><\/div>\n<div class=\"fi_item_title\">\n<h5>Gestion des Clients &amp; des Partenaires<\/h5>\n<\/div>\n<\/div>\n<p>&nbsp;<\/li>\n<li><a href=\"https:\/\/www.ampeco.com\/fr\/plateforme-de-supervision-de-recharge\/gestion-et-maintenance-a-distance\/\" target=\"_blank\" rel=\"noopener\"><br \/>\n<\/a><\/p>\n<div class=\"fi_item_wrap\">\n<div class=\"fi_item_icon\"><img loading=\"lazy\" decoding=\"async\" id=\"MTM0MTozNjg=-1\" class=\"attachment-full size-full nitro-lazy\" title=\"\" src=\"https:\/\/cdn-ikplpbh.nitrocdn.com\/xFcRTSYjBeGkdHkVakxokAsibqIDShRl\/assets\/images\/source\/rev-0e28879\/www.ampeco.com\/content\/uploads\/2022\/10\/remote_management.svg\" alt=\"Gestion Dynamique de la Charge - La Gestion Dynamique de la Charge d'AMPECO rajoute une dimension de gestion de la r\u00e9partition de la puissance \u00e9lectrique.\" width=\"38\" height=\"38\" \/><\/div>\n<div class=\"fi_item_title\">\n<h5>Gestion &amp; Maintenance \u00e0 distance<\/h5>\n<\/div>\n<\/div>\n<p>&nbsp;<\/li>\n<li><a href=\"\/fr\/plateforme-de-supervision-de-recharge\/#security\"><br \/>\n<\/a><\/p>\n<div class=\"fi_item_wrap\">\n<div class=\"fi_item_icon\"><img loading=\"lazy\" decoding=\"async\" id=\"MTM1MjozNTk=-1\" class=\"attachment-full size-full nitro-lazy\" title=\"\" src=\"https:\/\/cdn-ikplpbh.nitrocdn.com\/xFcRTSYjBeGkdHkVakxokAsibqIDShRl\/assets\/images\/source\/rev-0e28879\/www.ampeco.com\/content\/uploads\/2022\/10\/security.svg\" alt=\"Gestion Dynamique de la Charge - La Gestion Dynamique de la Charge d'AMPECO rajoute une dimension de gestion de la r\u00e9partition de la puissance \u00e9lectrique.\" width=\"38\" height=\"34\" \/><\/div>\n<div class=\"fi_item_title\">\n<h5>S\u00e9curit\u00e9 &amp; Scalabilit\u00e9<\/h5>\n<\/div>\n<\/div>\n<p>&nbsp;<\/li>\n<li><a href=\"\/fr\/plateforme-de-supervision-de-recharge\/#reports\"><br \/>\n<\/a><\/p>\n<div class=\"fi_item_wrap\">\n<div class=\"fi_item_icon\"><img loading=\"lazy\" decoding=\"async\" id=\"MTM2MzozNjc=-1\" class=\"attachment-full size-full nitro-lazy\" title=\"\" src=\"https:\/\/cdn-ikplpbh.nitrocdn.com\/xFcRTSYjBeGkdHkVakxokAsibqIDShRl\/assets\/images\/source\/rev-0e28879\/www.ampeco.com\/content\/uploads\/2022\/10\/report_analytics.svg\" alt=\"Gestion Dynamique de la Charge - La Gestion Dynamique de la Charge d'AMPECO rajoute une dimension de gestion de la r\u00e9partition de la puissance \u00e9lectrique.\" width=\"31\" height=\"31\" \/><\/div>\n<div class=\"fi_item_title\">\n<h5>Rapports &amp; Analyses<\/h5>\n<\/div>\n<\/div>\n<p>&nbsp;<\/li>\n<li><a href=\"\/fr\/recharge-a-domicile\/\"><br \/>\n<\/a><\/p>\n<div class=\"fi_item_wrap\">\n<div class=\"fi_item_icon\"><img loading=\"lazy\" decoding=\"async\" id=\"MTM3NDozNTU=-1\" class=\"attachment-full size-full nitro-lazy\" title=\"\" src=\"https:\/\/cdn-ikplpbh.nitrocdn.com\/xFcRTSYjBeGkdHkVakxokAsibqIDShRl\/assets\/images\/source\/rev-0e28879\/www.ampeco.com\/content\/uploads\/2022\/10\/home.svg\" alt=\"Gestion Dynamique de la Charge - La Gestion Dynamique de la Charge d'AMPECO rajoute une dimension de gestion de la r\u00e9partition de la puissance \u00e9lectrique.\" width=\"38\" height=\"38\" \/><\/div>\n<div class=\"fi_item_title\">\n<h5>Recharge \u00e0 Domicile<\/h5>\n<\/div>\n<\/div>\n<\/li>\n<\/ul>\n<\/div>\n<\/div>\n<\/div>\n<div class=\"wp-block-group is-style-section-nds-margin\">\n<div class=\"wp-block-group__inner-container is-layout-flow wp-block-group-is-layout-flow\">\n<h2 class=\"wp-block-heading has-text-align-center\">Foire Aux Questions sur la Gestion Dynamique de la Charge (GDC)<\/h2>\n<div id=\"rank-math-faq\" class=\"rank-math-block\">\n<div class=\"rank-math-list\">\n<div id=\"faq-question-1661947214412\" class=\"rank-math-list-item\">\n<h3 class=\"rank-math-question\"><strong>Ai-je besoin d\u2019une gestion dynamique ou d\u2019un \u00e9quilibrage de la charge?<\/strong><\/h3>\n<div class=\"rank-math-answer\">\n<p>L\u2019\u00e9quilibrage dynamique de la charge est une solution int\u00e9ressante lorsque plusieurs stations de recharge sont install\u00e9es sur un site dont la capacit\u00e9 \u00e9lectrique est limit\u00e9e. En distribuant automatiquement et efficacement la puissance disponible, cette solution vous aide \u00e0 installer le nombre souhait\u00e9 de chargeurs sans avoir \u00e0 investir dans des mises \u00e0 niveau on\u00e9reuses du r\u00e9seau \u00e9lectrique.<\/p>\n<\/div>\n<\/div>\n<div id=\"faq-question-1661947225498\" class=\"rank-math-list-item\">\n<h3 class=\"rank-math-question\"><strong>Pourquoi la gestion\/l\u2019\u00e9quilibrage de la charge sont-ils importants pour le chargement?<\/strong><\/h3>\n<div class=\"rank-math-answer\">\n<p>\u00c0 mesure que le nombre de VE augmente, le besoin d\u2019avoir de multiples points de charge dans les parkings r\u00e9sidentiels et professionnels grandit \u00e9galement. La quantit\u00e9 d\u2019\u00e9lectricit\u00e9 qu\u2019un VE utilise pendant la charge est importante et plusieurs v\u00e9hicules qui rechargent simultan\u00e9ment sur un site peuvent occasionner des pointes de consommation d\u2019\u00e9lectricit\u00e9 on\u00e9reuses. L\u2019\u00e9quilibrage de la charge est important car il permet de g\u00e9rer la distribution de l\u2019\u00e9nergie vers les stations de recharge de VE afin d\u2019\u00e9viter une surcharge du r\u00e9seau et assure une recharge optimale.<\/p>\n<\/div>\n<\/div>\n<div id=\"faq-question-1661947231137\" class=\"rank-math-list-item\">\n<h3 class=\"rank-math-question\"><strong>Qu\u2019est-ce que l\u2019\u00e9quilibrage statique et dynamique de la charge?<\/strong><\/h3>\n<div class=\"rank-math-answer\">\n<p>L\u2019\u00e9quilibrage statique de la charge r\u00e9partit la puissance disponible entre les chargeurs de v\u00e9hicules \u00e9lectriques en fonction de la limite de puissance pr\u00e9d\u00e9finie pour le groupe de chargeurs. Il distribue uniform\u00e9ment la puissance disponible sans tenir compte de la consommation actuelle.<\/p>\n<p>L\u2019\u00e9quilibrage dynamique de la charge surveille en permanence les changements dans la consommation d\u2019\u00e9nergie et ajuste la r\u00e9partition de l\u2019\u00e9nergie en fonction de la consommation actuelle. Il garantit que tous les v\u00e9hicules sont recharg\u00e9s de mani\u00e8re optimale dans la limite de la puissance maximale disponible et en fonction de leur capacit\u00e9 de charge. Avec la priorisation intelligente, vous accordez la priorit\u00e9 \u00e0 la recharge \u00e0 un certain groupe d\u2019utilisateurs en fonction de leur abonnement ou de leur plan tarifaire.<\/p>\n<\/div>\n<\/div>\n<div id=\"faq-question-1664896027576\" class=\"rank-math-list-item\">\n<h3 class=\"rank-math-question\"><strong>Combien de chargeurs puis-je avoir dans un circuit avec une GDC?<\/strong><\/h3>\n<div class=\"rank-math-answer\">\n<p>En ce qui concerne le nombre de chargeurs dans un circuit, il est important de souligner la diff\u00e9rence entre les solutions de GDC logicielles et les solutions de GDC mat\u00e9rielles. Par exemple, les solutions mat\u00e9rielles les plus courantes sont les configurations de type \u00ab\u00a0ma\u00eetre\/esclave\u00a0\u00bb, avec un nombre limit\u00e9 de chargeurs mis en place qui proviennent tous d\u2019un seul et m\u00eame fabricant. Gr\u00e2ce au logiciel de gestion dynamique de la charge des v\u00e9hicules \u00e9lectriques, vous pouvez g\u00e9rer plusieurs stations de recharge de diff\u00e9rents fabricants sur un m\u00eame site.<\/p>\n<\/div>\n<\/div>\n<\/div>\n<\/div>\n<\/div>\n<\/div>\n<div class=\"wp-block-group is-style-default has-light-gradient-gradient-background has-background\">\n<div class=\"wp-block-group__inner-container is-layout-flow wp-block-group-is-layout-flow\">\n<style nitro-exclude=\"\">.kb-row-layout-id_4395d3-80 > .kt-row-column-wrap{align-content:center;}:where(.kb-row-layout-id_4395d3-80 > .kt-row-column-wrap) > .wp-block-kadence-column{justify-content:center;}.kb-row-layout-id_4395d3-80 > .kt-row-column-wrap{column-gap:var(--global-kb-gap-md, 2rem);row-gap:var(--global-kb-gap-md, 2rem);padding-top:0px;padding-bottom:0px;grid-template-columns:repeat(2, minmax(0, 1fr));}.kb-row-layout-id_4395d3-80 > .kt-row-layout-overlay{opacity:0.30;}@media all and (max-width: 1024px){.kb-row-layout-id_4395d3-80 > .kt-row-column-wrap{grid-template-columns:repeat(2, minmax(0, 1fr));}}@media all and (max-width: 767px){.kb-row-layout-id_4395d3-80 > .kt-row-column-wrap{grid-template-columns:minmax(0, 1fr);}}<\/style>\n<div class=\"kb-row-layout-wrap kb-row-layout-id_4395d3-80 alignnone wp-block-kadence-rowlayout\">\n<div class=\"kt-row-column-wrap kt-has-2-columns kt-row-layout-equal kt-tab-layout-inherit kt-mobile-layout-row kt-row-valign-middle\">\n<style nitro-exclude=\"\">.kadence-column_909b14-a6 > .kt-inside-inner-col,.kadence-column_909b14-a6 > .kt-inside-inner-col:before{border-top-left-radius:0px;border-top-right-radius:0px;border-bottom-right-radius:0px;border-bottom-left-radius:0px;}.kadence-column_909b14-a6 > .kt-inside-inner-col{column-gap:var(--global-kb-gap-sm, 1rem);}.kadence-column_909b14-a6 > .kt-inside-inner-col{flex-direction:column;}.kadence-column_909b14-a6 > .kt-inside-inner-col > .aligncenter{width:100%;}.kadence-column_909b14-a6 > .kt-inside-inner-col:before{opacity:0.3;}.kadence-column_909b14-a6{position:relative;}@media all and (max-width: 1024px){.kadence-column_909b14-a6 > .kt-inside-inner-col{flex-direction:column;}}@media all and (max-width: 767px){.kadence-column_909b14-a6 > .kt-inside-inner-col{flex-direction:column;}}<\/style>\n<div class=\"wp-block-kadence-column kadence-column_909b14-a6 inner-column-1\">\n<div class=\"kt-inside-inner-col\">\n<h2 class=\"wp-block-heading\">Parler avec un consultant recharge<\/h2>\n<p class=\"has-m-font-size\">Our e-mobility experts are ready to answer all your questions about EV charging software and hardware.<\/p>\n<p>Let\u2019s talk about your business case, software features you are curious about, or how we can help you start and grow your EV business.<\/p>\n<div class=\"wp-block-buttons is-style-top-spacing is-layout-flex wp-block-buttons-is-layout-flex\">\n<div class=\"wp-block-button\"><a class=\"wp-block-button__link wp-element-button\" href=\"https:\/\/store.wattsc.com\/contact\/\">PARLER A UN CONSULTANT<\/a><\/div>\n<\/div>\n<\/div>\n<\/div>\n<style nitro-exclude=\"\">.kadence-column_b50170-44 > .kt-inside-inner-col,.kadence-column_b50170-44 > .kt-inside-inner-col:before{border-top-left-radius:0px;border-top-right-radius:0px;border-bottom-right-radius:0px;border-bottom-left-radius:0px;}.kadence-column_b50170-44 > .kt-inside-inner-col{column-gap:var(--global-kb-gap-sm, 1rem);}.kadence-column_b50170-44 > .kt-inside-inner-col{flex-direction:column;}.kadence-column_b50170-44 > .kt-inside-inner-col > .aligncenter{width:100%;}.kadence-column_b50170-44 > .kt-inside-inner-col:before{opacity:0.3;}.kadence-column_b50170-44{position:relative;}@media all and (max-width: 1024px){.kadence-column_b50170-44 > .kt-inside-inner-col{flex-direction:column;}}@media all and (max-width: 767px){.kadence-column_b50170-44 > .kt-inside-inner-col{flex-direction:column;}}<\/style>\n<div class=\"wp-block-kadence-column kadence-column_b50170-44 inner-column-2\">\n<div class=\"kt-inside-inner-col\">\n<figure class=\"wp-block-image size-large no-mr-bot\"><img loading=\"lazy\" decoding=\"async\" id=\"MTQ1MjoxMjY2-1\" class=\"wp-image-11517 nitro-lazy\" title=\"\" src=\"https:\/\/cdn-ikplpbh.nitrocdn.com\/xFcRTSYjBeGkdHkVakxokAsibqIDShRl\/assets\/images\/optimized\/rev-0e28879\/www.ampeco.com\/content\/uploads\/2022\/10\/experts@2x-971x1024.png\" sizes=\"(max-width: 971px) 100vw, 971px\" srcset=\"https:\/\/cdn-ikplpbh.nitrocdn.com\/xFcRTSYjBeGkdHkVakxokAsibqIDShRl\/assets\/images\/optimized\/rev-0e28879\/www.ampeco.com\/content\/uploads\/2022\/10\/experts@2x-971x1024.png 971w, https:\/\/cdn-ikplpbh.nitrocdn.com\/xFcRTSYjBeGkdHkVakxokAsibqIDShRl\/assets\/images\/optimized\/rev-0e28879\/www.ampeco.com\/content\/uploads\/2022\/10\/experts@2x-96x101.png 96w, https:\/\/cdn-ikplpbh.nitrocdn.com\/xFcRTSYjBeGkdHkVakxokAsibqIDShRl\/assets\/images\/optimized\/rev-0e28879\/www.ampeco.com\/content\/uploads\/2022\/10\/experts@2x-284x300.png 284w, https:\/\/cdn-ikplpbh.nitrocdn.com\/xFcRTSYjBeGkdHkVakxokAsibqIDShRl\/assets\/images\/optimized\/rev-0e28879\/www.ampeco.com\/content\/uploads\/2022\/10\/experts@2x-768x810.png 768w, https:\/\/cdn-ikplpbh.nitrocdn.com\/xFcRTSYjBeGkdHkVakxokAsibqIDShRl\/assets\/images\/optimized\/rev-0e28879\/www.ampeco.com\/content\/uploads\/2022\/10\/experts@2x-330x348.png 330w, https:\/\/cdn-ikplpbh.nitrocdn.com\/xFcRTSYjBeGkdHkVakxokAsibqIDShRl\/assets\/images\/optimized\/rev-0e28879\/www.ampeco.com\/content\/uploads\/2022\/10\/experts@2x-660x696.png 660w, https:\/\/cdn-ikplpbh.nitrocdn.com\/xFcRTSYjBeGkdHkVakxokAsibqIDShRl\/assets\/images\/optimized\/rev-0e28879\/www.ampeco.com\/content\/uploads\/2022\/10\/experts@2x-512x540.png 512w, https:\/\/cdn-ikplpbh.nitrocdn.com\/xFcRTSYjBeGkdHkVakxokAsibqIDShRl\/assets\/images\/optimized\/rev-0e28879\/www.ampeco.com\/content\/uploads\/2022\/10\/experts@2x-1024x1080.png 1024w, https:\/\/cdn-ikplpbh.nitrocdn.com\/xFcRTSYjBeGkdHkVakxokAsibqIDShRl\/assets\/images\/optimized\/rev-0e28879\/www.ampeco.com\/content\/uploads\/2022\/10\/experts@2x-600x633.png 600w, https:\/\/cdn-ikplpbh.nitrocdn.com\/xFcRTSYjBeGkdHkVakxokAsibqIDShRl\/assets\/images\/optimized\/rev-0e28879\/www.ampeco.com\/content\/uploads\/2022\/10\/experts@2x-840x886.png 840w, https:\/\/cdn-ikplpbh.nitrocdn.com\/xFcRTSYjBeGkdHkVakxokAsibqIDShRl\/assets\/images\/optimized\/rev-0e28879\/www.ampeco.com\/content\/uploads\/2022\/10\/experts@2x.png 1200w\" alt=\"Gestion Dynamique de la Charge - La Gestion Dynamique de la Charge d'AMPECO rajoute une dimension de gestion de la r\u00e9partition de la puissance \u00e9lectrique.\" width=\"971\" height=\"1024\" \/><\/figure>\n<\/div>\n<\/div>\n<\/div>\n<\/div>\n<\/div>\n<\/div>\n<\/div>\n<\/article>\n<p>&nbsp;<\/p>\n","protected":false},"excerpt":{"rendered":"<p>&nbsp; \u00c9vitez les mises \u00e0 niveau on\u00e9reuses et optimisez le retour sur investissement avec la Gection Dynamique de la Charge [&hellip;]<\/p>\n","protected":false},"author":1,"featured_media":29996,"comment_status":"open","ping_status":"open","sticky":false,"template":"","format":"standard","meta":{"content-type":"","rop_custom_images_group":[],"rop_custom_messages_group":[],"rop_publish_now":"yes","rop_publish_now_accounts":{"gmb_114395098992411388296_accounts\/114395098992411388296\/locations\/12006445379806666969":"","linkedin_vd11fNtDAd_vd11fNtDAd":"","gmb_107160579247662550978_accounts\/107160579247662550978\/locations\/12097786389432444087":"","gmb_107160579247662550978_accounts\/107160579247662550978\/locations\/12006445379806666969":"","gmb_107160579247662550978_accounts\/107160579247662550978\/locations\/10051390009109310933":"","twitter_1300405782383558656_1300405782383558656":"","tumblr_wattscdotcom_wattscdotcom":"","linkedin_PK5Ejlb2VU_37419926":"","facebook_1791781087687796_116085383271852":"","facebook_1791781087687796_17841456517942081":""},"rop_publish_now_history":[],"rop_publish_now_status":"pending","site-sidebar-layout":"default","site-content-layout":"","ast-site-content-layout":"default","site-content-style":"default","site-sidebar-style":"default","ast-global-header-display":"","ast-banner-title-visibility":"","ast-main-header-display":"","ast-hfb-above-header-display":"","ast-hfb-below-header-display":"","ast-hfb-mobile-header-display":"","site-post-title":"","ast-breadcrumbs-content":"","ast-featured-img":"","footer-sml-layout":"","ast-disable-related-posts":"","theme-transparent-header-meta":"","adv-header-id-meta":"","stick-header-meta":"","header-above-stick-meta":"","header-main-stick-meta":"","header-below-stick-meta":"","astra-migrate-meta-layouts":"default","ast-page-background-enabled":"default","ast-page-background-meta":{"desktop":{"background-color":"var(--ast-global-color-5)","background-image":"","background-repeat":"repeat","background-position":"center center","background-size":"auto","background-attachment":"scroll","background-type":"","background-media":"","overlay-type":"","overlay-color":"","overlay-opacity":"","overlay-gradient":""},"tablet":{"background-color":"","background-image":"","background-repeat":"repeat","background-position":"center center","background-size":"auto","background-attachment":"scroll","background-type":"","background-media":"","overlay-type":"","overlay-color":"","overlay-opacity":"","overlay-gradient":""},"mobile":{"background-color":"","background-image":"","background-repeat":"repeat","background-position":"center center","background-size":"auto","background-attachment":"scroll","background-type":"","background-media":"","overlay-type":"","overlay-color":"","overlay-opacity":"","overlay-gradient":""}},"ast-content-background-meta":{"desktop":{"background-color":"var(--ast-global-color-4)","background-image":"","background-repeat":"repeat","background-position":"center center","background-size":"auto","background-attachment":"scroll","background-type":"","background-media":"","overlay-type":"","overlay-color":"","overlay-opacity":"","overlay-gradient":""},"tablet":{"background-color":"var(--ast-global-color-4)","background-image":"","background-repeat":"repeat","background-position":"center center","background-size":"auto","background-attachment":"scroll","background-type":"","background-media":"","overlay-type":"","overlay-color":"","overlay-opacity":"","overlay-gradient":""},"mobile":{"background-color":"var(--ast-global-color-4)","background-image":"","background-repeat":"repeat","background-position":"center center","background-size":"auto","background-attachment":"scroll","background-type":"","background-media":"","overlay-type":"","overlay-color":"","overlay-opacity":"","overlay-gradient":""}},"footnotes":""},"categories":[1],"tags":[],"class_list":["post-29995","post","type-post","status-publish","format-standard","has-post-thumbnail","hentry","category-uncategorized"],"_links":{"self":[{"href":"https:\/\/store.wattsc.com\/index.php?rest_route=\/wp\/v2\/posts\/29995","targetHints":{"allow":["GET"]}}],"collection":[{"href":"https:\/\/store.wattsc.com\/index.php?rest_route=\/wp\/v2\/posts"}],"about":[{"href":"https:\/\/store.wattsc.com\/index.php?rest_route=\/wp\/v2\/types\/post"}],"author":[{"embeddable":true,"href":"https:\/\/store.wattsc.com\/index.php?rest_route=\/wp\/v2\/users\/1"}],"replies":[{"embeddable":true,"href":"https:\/\/store.wattsc.com\/index.php?rest_route=%2Fwp%2Fv2%2Fcomments&post=29995"}],"version-history":[{"count":4,"href":"https:\/\/store.wattsc.com\/index.php?rest_route=\/wp\/v2\/posts\/29995\/revisions"}],"predecessor-version":[{"id":30248,"href":"https:\/\/store.wattsc.com\/index.php?rest_route=\/wp\/v2\/posts\/29995\/revisions\/30248"}],"wp:featuredmedia":[{"embeddable":true,"href":"https:\/\/store.wattsc.com\/index.php?rest_route=\/wp\/v2\/media\/29996"}],"wp:attachment":[{"href":"https:\/\/store.wattsc.com\/index.php?rest_route=%2Fwp%2Fv2%2Fmedia&parent=29995"}],"wp:term":[{"taxonomy":"category","embeddable":true,"href":"https:\/\/store.wattsc.com\/index.php?rest_route=%2Fwp%2Fv2%2Fcategories&post=29995"},{"taxonomy":"post_tag","embeddable":true,"href":"https:\/\/store.wattsc.com\/index.php?rest_route=%2Fwp%2Fv2%2Ftags&post=29995"}],"curies":[{"name":"wp","href":"https:\/\/api.w.org\/{rel}","templated":true}]}}